{"id":1063,"date":"2009-03-02T18:07:31","date_gmt":"2009-03-02T17:07:31","guid":{"rendered":"http:\/\/www.luigiaccattoli.it\/blog\/?p=1063"},"modified":"2009-03-02T18:18:22","modified_gmt":"2009-03-02T17:18:22","slug":"carlo-il-buono-ai-condannati-a-morte","status":"publish","type":"post","link":"http:\/\/www.luigiaccattoli.it\/blog\/carlo-il-buono-ai-condannati-a-morte\/","title":{"rendered":"Carlo il Buono ai condannati a morte"},"content":{"rendered":"<p>\u201cA Bruges, in Fiandra, ricordo del Beato Carlo il Buono, martire, che, principe di Danimarca e in seguito conte di Fiandra, visse custodendo la giustizia e difendendo i poveri, finch\u00e9 venne ucciso da uomini d\u2019arme che egli aveva cercato di pacificare\u201d: cos\u00ec alla data di oggi il nuovo <em>Martyrologium Romanum<\/em>. La biografia offerta dall\u2019ottimo sito <a href=\"http:\/\/www.santiebeati.it\/dettaglio\/92287\">http:\/\/www.santiebeati.it\/dettaglio\/92287<\/a> riferisce che il beato Carlo \u201c<em>stabil\u00ec che tutti i condannati a morte dovessero confessarsi e ricevere la comunione il giorno precedente all\u2019esecuzione della pena<\/em>\u201d. Immagino che egli sia stato il primo a dettare quella norma e che essa si sia poi diffusa nell\u2019intera cristianit\u00e0 e sia durata fino alla Roma papalina del 1870 e fino alla Spagna e al Portogallo della met\u00e0 degli anni settanta del secolo scorso e anche oltre qua e l\u00e0 in America Latina. Calcolo ammirato la consolazione e le bestemmie che quella disposizione avr\u00e0 provocato nei secoli e forse ancora provoca da qualche parte.<\/p>\n","protected":false},"excerpt":{"rendered":"<p>\u201cA Bruges, in Fiandra, ricordo del Beato Carlo il Buono, martire, che, principe di Danimarca e in seguito conte di Fiandra, visse custodendo la giustizia e difendendo i poveri, finch\u00e9&#8230;<\/p>\n<div class=\"more-link-wrapper\"><a class=\"more-link\" href=\"http:\/\/www.luigiaccattoli.it\/blog\/carlo-il-buono-ai-condannati-a-morte\/\">Read More<span class=\"screen-reader-text\">Carlo il Buono ai condannati a morte<\/span><\/a><\/div>\n","protected":false},"author":1,"featured_media":0,"comment_status":"open","ping_status":"closed","sticky":false,"template":"","format":"standard","meta":{"_monsterinsights_skip_tracking":false,"_monsterinsights_sitenote_active":false,"_monsterinsights_sitenote_note":"","_monsterinsights_sitenote_category":0,"footnotes":""},"categories":[1],"tags":[],"class_list":["post-1063","post","type-post","status-publish","format-standard","hentry","category-varie","excerpt"],"_links":{"self":[{"href":"http:\/\/www.luigiaccattoli.it\/blog\/wp-json\/wp\/v2\/posts\/1063","targetHints":{"allow":["GET"]}}],"collection":[{"href":"http:\/\/www.luigiaccattoli.it\/blog\/wp-json\/wp\/v2\/posts"}],"about":[{"href":"http:\/\/www.luigiaccattoli.it\/blog\/wp-json\/wp\/v2\/types\/post"}],"author":[{"embeddable":true,"href":"http:\/\/www.luigiaccattoli.it\/blog\/wp-json\/wp\/v2\/users\/1"}],"replies":[{"embeddable":true,"href":"http:\/\/www.luigiaccattoli.it\/blog\/wp-json\/wp\/v2\/comments?post=1063"}],"version-history":[{"count":0,"href":"http:\/\/www.luigiaccattoli.it\/blog\/wp-json\/wp\/v2\/posts\/1063\/revisions"}],"wp:attachment":[{"href":"http:\/\/www.luigiaccattoli.it\/blog\/wp-json\/wp\/v2\/media?parent=1063"}],"wp:term":[{"taxonomy":"category","embeddable":true,"href":"http:\/\/www.luigiaccattoli.it\/blog\/wp-json\/wp\/v2\/categories?post=1063"},{"taxonomy":"post_tag","embeddable":true,"href":"http:\/\/www.luigiaccattoli.it\/blog\/wp-json\/wp\/v2\/tags?post=1063"}],"curies":[{"name":"wp","href":"https:\/\/api.w.org\/{rel}","templated":true}]}}