{"id":1065,"date":"2009-03-04T17:27:00","date_gmt":"2009-03-04T16:27:00","guid":{"rendered":"http:\/\/www.luigiaccattoli.it\/blog\/?p=1065"},"modified":"2009-03-05T07:52:05","modified_gmt":"2009-03-05T06:52:05","slug":"la-leggenda-di-padre-pio-che-rifiuta-il-nuovo-messale","status":"publish","type":"post","link":"http:\/\/www.luigiaccattoli.it\/blog\/la-leggenda-di-padre-pio-che-rifiuta-il-nuovo-messale\/","title":{"rendered":"La leggenda di Padre Pio che rifiuta il nuovo messale"},"content":{"rendered":"<p>Continua a girare nella Rete \u2013 che \u00e8 la prateria di tutte le bufale \u2013 la leggenda di Padre Pio che rifiuta il nuovo messale e continua a celebrare in latino perch\u00e9 \u201cacerrimo oppositore del Concilio\u201d. Questa bufala \u00e8 venuta a scornare pi\u00f9 volte nel mio blog e dunque ho deciso di prenderla per le corna e ora do conto del risultato della \u201cverifica\u201d condotta con l\u2019aiuto di Stefano Campanella portavoce del santuario di San Giovanni Rotondo e di fr. Luciano Lotti, custode dell\u2019Archivio di Padre Pio. All\u2019obiezione che Padre Pio non poteva rifiutare il nuovo messale, perch\u00e9 promulgato sei mesi dopo la sua morte, i guardiani della bufala rispondono affermando che in previsione del nuovo rito il Padre scrisse a Paolo VI per chiedergli di esserne dispensato e di poter continuare a celebrare con il vecchio messale e aggiungono che la \u201cdispensa\u201d gli fu portata dal cardinale Bacci, con il quale il Padre avrebbe sfogato la sua contrariet\u00e0 al Vaticano II con le parole \u00abPer piet\u00e0, mettete fine rapidamente al Concilio\u00bb. Nulla di ci\u00f2 \u00e8 nelle fonti. Il cardinale Bacci va a San Giovanni Rotondo ma non \u00e8 latore della &#8220;dispensa&#8221; che il Padre chieder\u00e0 dieci mesi dopo quella visita. La richiesta \u00e8 motivata non dalla contrariet\u00e0 alle innovazioni ma dalla debolezza della vista che gli impedisce di leggere i nuovi testi mentre i vecchi li conosce a memoria. Nei documenti non c\u2019\u00e8 traccia del presunto atteggiamento di contrariet\u00e0 al Concilio, vi sono anzi elementi di accoglienza, comprese le novit\u00e0 liturgiche. (<em>Segue nel primo commento<\/em>)<\/p>\n","protected":false},"excerpt":{"rendered":"<p>Continua a girare nella Rete \u2013 che \u00e8 la prateria di tutte le bufale \u2013 la leggenda di Padre Pio che rifiuta il nuovo messale e continua a celebrare in&#8230;<\/p>\n<div class=\"more-link-wrapper\"><a class=\"more-link\" href=\"http:\/\/www.luigiaccattoli.it\/blog\/la-leggenda-di-padre-pio-che-rifiuta-il-nuovo-messale\/\">Read More<span class=\"screen-reader-text\">La leggenda di Padre Pio che rifiuta il nuovo messale<\/span><\/a><\/div>\n","protected":false},"author":1,"featured_media":0,"comment_status":"open","ping_status":"closed","sticky":false,"template":"","format":"standard","meta":{"_monsterinsights_skip_tracking":false,"_monsterinsights_sitenote_active":false,"_monsterinsights_sitenote_note":"","_monsterinsights_sitenote_category":0,"footnotes":""},"categories":[1],"tags":[],"class_list":["post-1065","post","type-post","status-publish","format-standard","hentry","category-varie","excerpt"],"_links":{"self":[{"href":"http:\/\/www.luigiaccattoli.it\/blog\/wp-json\/wp\/v2\/posts\/1065","targetHints":{"allow":["GET"]}}],"collection":[{"href":"http:\/\/www.luigiaccattoli.it\/blog\/wp-json\/wp\/v2\/posts"}],"about":[{"href":"http:\/\/www.luigiaccattoli.it\/blog\/wp-json\/wp\/v2\/types\/post"}],"author":[{"embeddable":true,"href":"http:\/\/www.luigiaccattoli.it\/blog\/wp-json\/wp\/v2\/users\/1"}],"replies":[{"embeddable":true,"href":"http:\/\/www.luigiaccattoli.it\/blog\/wp-json\/wp\/v2\/comments?post=1065"}],"version-history":[{"count":0,"href":"http:\/\/www.luigiaccattoli.it\/blog\/wp-json\/wp\/v2\/posts\/1065\/revisions"}],"wp:attachment":[{"href":"http:\/\/www.luigiaccattoli.it\/blog\/wp-json\/wp\/v2\/media?parent=1065"}],"wp:term":[{"taxonomy":"category","embeddable":true,"href":"http:\/\/www.luigiaccattoli.it\/blog\/wp-json\/wp\/v2\/categories?post=1065"},{"taxonomy":"post_tag","embeddable":true,"href":"http:\/\/www.luigiaccattoli.it\/blog\/wp-json\/wp\/v2\/tags?post=1065"}],"curies":[{"name":"wp","href":"https:\/\/api.w.org\/{rel}","templated":true}]}}