{"id":11529,"date":"2013-04-29T13:54:18","date_gmt":"2013-04-29T11:54:18","guid":{"rendered":"http:\/\/www.luigiaccattoli.it\/blog\/?p=11529"},"modified":"2013-04-30T13:15:23","modified_gmt":"2013-04-30T11:15:23","slug":"francesco-e-la-vergogna-come-vera-virtu","status":"publish","type":"post","link":"http:\/\/www.luigiaccattoli.it\/blog\/francesco-e-la-vergogna-come-vera-virtu\/","title":{"rendered":"Francesco e la vergogna come &#8220;vera virt\u00f9&#8221;"},"content":{"rendered":"<p>&#8220;<em>La vergogna \u00e8 una vera virt\u00f9 cristiana e anche umana: la capacit\u00e0 di vergognarsi. Io non so se in italiano si dice cos\u00ec, ma nella nostra terra a quelli che non possono vergognarsi gli dicono \u2018sin verg\u00fcenza\u2019, senza vergogna: questo \u00e8 \u2018un senza vergogna\u2019, perch\u00e9 non ha la capacit\u00e0 di vergognarsi e vergognarsi \u00e8 una virt\u00f9 dell\u2019umile, di quell\u2019uomo e di quella donna che \u00e8 umile. E&#8217; necessario mettersi di fronte al Signore con la nostra verit\u00e0 di peccatori, con fiducia, anche con gioia, senza truccarci\u2026 Non dobbiamo mai truccarci davanti a Dio! E la vergogna \u00e8 una virt\u00f9: benedetta vergogna. Questa \u00e8 la virt\u00f9 che Ges\u00f9 chiede a noi: l\u2019umilt\u00e0 e la mitezza: umilt\u00e0 e mitezza sono come la cornice di una vita cristiana. Un cristiano va sempre cos\u00ec, nell\u2019umilt\u00e0 e nella mitezza. E Ges\u00f9 ci aspetta per perdonarci<\/em>&#8220;: cos\u00ec ha parlato <a href=\"http:\/\/www.news.va\/it\/news\/papa-francesco-vergognarsi-dei-propri-peccati-e-vi\">Papa Francesco stamane nell&#8217;omelia del mattino al Santa Marta<\/a>. <\/p>\n<p><strong>Aggiornamento al 30 aprile<\/strong>. &#8220;Affidare la Chiesa al Signore \u00e8 una preghiera che fa crescere la Chiesa. E\u2019 anche un atto di fede. Noi non possiamo nulla, noi siamo poveri servitori \u2013 tutti \u2013 della Chiesa: ma \u00e8 Lui che pu\u00f2 portarla avanti e custodirla e farla crescere, farla santa, difenderla, difenderla dal principe di questo mondo e da quello che vuole che la Chiesa diventi, ovvero pi\u00f9 e pi\u00f9 mondana. Questo \u00e8 il pericolo pi\u00f9 grande! Quando la Chiesa diventa mondana (&#8230;) \u00e8 una Chiesa debole, una Chiesa che sar\u00e0 vinta e incapace di portare proprio il Vangelo, il messaggio della Croce, lo scandalo della Croce\u2026 Non pu\u00f2 portarlo avanti se \u00e8 mondana&#8221;. <a href=\"http:\/\/it.radiovaticana.va\/news\/2013\/04\/30\/papa_francesco:_tutti_devono_pregare_per_la_chiesa._una_chies\/it1-687618\">Cos\u00ec il Papa all&#8217;omelia di questa mattina<\/a>.  <\/p>\n","protected":false},"excerpt":{"rendered":"<p>&#8220;La vergogna \u00e8 una vera virt\u00f9 cristiana e anche umana: la capacit\u00e0 di vergognarsi. Io non so se in italiano si dice cos\u00ec, ma nella nostra terra a quelli che&#8230;<\/p>\n<div class=\"more-link-wrapper\"><a class=\"more-link\" href=\"http:\/\/www.luigiaccattoli.it\/blog\/francesco-e-la-vergogna-come-vera-virtu\/\">Read More<span class=\"screen-reader-text\">Francesco e la vergogna come &#8220;vera virt\u00f9&#8221;<\/span><\/a><\/div>\n","protected":false},"author":1,"featured_media":0,"comment_status":"open","ping_status":"closed","sticky":false,"template":"","format":"standard","meta":{"_monsterinsights_skip_tracking":false,"_monsterinsights_sitenote_active":false,"_monsterinsights_sitenote_note":"","_monsterinsights_sitenote_category":0,"footnotes":""},"categories":[1],"tags":[],"class_list":["post-11529","post","type-post","status-publish","format-standard","hentry","category-varie","excerpt"],"_links":{"self":[{"href":"http:\/\/www.luigiaccattoli.it\/blog\/wp-json\/wp\/v2\/posts\/11529","targetHints":{"allow":["GET"]}}],"collection":[{"href":"http:\/\/www.luigiaccattoli.it\/blog\/wp-json\/wp\/v2\/posts"}],"about":[{"href":"http:\/\/www.luigiaccattoli.it\/blog\/wp-json\/wp\/v2\/types\/post"}],"author":[{"embeddable":true,"href":"http:\/\/www.luigiaccattoli.it\/blog\/wp-json\/wp\/v2\/users\/1"}],"replies":[{"embeddable":true,"href":"http:\/\/www.luigiaccattoli.it\/blog\/wp-json\/wp\/v2\/comments?post=11529"}],"version-history":[{"count":5,"href":"http:\/\/www.luigiaccattoli.it\/blog\/wp-json\/wp\/v2\/posts\/11529\/revisions"}],"predecessor-version":[{"id":11534,"href":"http:\/\/www.luigiaccattoli.it\/blog\/wp-json\/wp\/v2\/posts\/11529\/revisions\/11534"}],"wp:attachment":[{"href":"http:\/\/www.luigiaccattoli.it\/blog\/wp-json\/wp\/v2\/media?parent=11529"}],"wp:term":[{"taxonomy":"category","embeddable":true,"href":"http:\/\/www.luigiaccattoli.it\/blog\/wp-json\/wp\/v2\/categories?post=11529"},{"taxonomy":"post_tag","embeddable":true,"href":"http:\/\/www.luigiaccattoli.it\/blog\/wp-json\/wp\/v2\/tags?post=11529"}],"curies":[{"name":"wp","href":"https:\/\/api.w.org\/{rel}","templated":true}]}}