{"id":11838,"date":"2013-06-01T14:50:49","date_gmt":"2013-06-01T12:50:49","guid":{"rendered":"http:\/\/www.luigiaccattoli.it\/blog\/?p=11838"},"modified":"2013-06-02T09:58:58","modified_gmt":"2013-06-02T07:58:58","slug":"francesco-e-lo-scandalo-del-verbo-incarnato","status":"publish","type":"post","link":"http:\/\/www.luigiaccattoli.it\/blog\/francesco-e-lo-scandalo-del-verbo-incarnato\/","title":{"rendered":"Francesco e lo scandalo del Verbo Incarnato"},"content":{"rendered":"<p><em>Noi possiamo fare tutte le opere sociali che vogliamo, e diranno: \u2018Ma che brava, la Chiesa, che buona l\u2019opera sociale che fa la Chiesa\u2019. Ma se noi diciamo che noi facciamo questo perch\u00e9 quelle persone sono la carne di Cristo, viene lo scandalo. E quella \u00e8 la verit\u00e0, quella \u00e8 la rivelazione di Ges\u00f9: quella presenza di Ges\u00f9 incarnato\u201d. E \u201cquesto \u00e8 il punto: sempre ci sar\u00e0 la seduzione di fare cose buone senza lo scandalo del Verbo Incarnato, senza lo scandalo della Croce\u201d. Dobbiamo invece \u201cessere coerenti con questo scandalo, con questa realt\u00e0 che fa scandalizzare\u201d. \u201cCi far\u00e0 bene a tutti noi pensare questo: la Chiesa non \u00e8 un\u2019organizzazione di cultura, anche di religione, anche sociale: la Chiesa \u00e8 la famiglia di Ges\u00f9. La Chiesa confessa che Ges\u00f9 \u00e8 il Figlio di Dio venuto nella carne: quello \u00e8 lo scandalo, e per questo perseguitavano Ges\u00f9&#8221;. <\/em>&#8211; Sono parole da studiare e ritenere, dette dal Papa nell&#8217;<a href=\"http:\/\/www.news.va\/it\/news\/il-papa-non-scandalizziamo-per-le-nostre-opere-ma\">omelia di stamane al Santa Marta<\/a>. Nel primo commento riporto un altro passo dell&#8217;omelia.<\/p>\n<p><strong>Aggiornamento al 2 giugno<\/strong>. I miei commenti 13-16 a questo post si presentano come un cavilloso e risibile contributo a bene intendere la predicazione bergogliana. <\/p>\n","protected":false},"excerpt":{"rendered":"<p>Noi possiamo fare tutte le opere sociali che vogliamo, e diranno: \u2018Ma che brava, la Chiesa, che buona l\u2019opera sociale che fa la Chiesa\u2019. Ma se noi diciamo che noi&#8230;<\/p>\n<div class=\"more-link-wrapper\"><a class=\"more-link\" href=\"http:\/\/www.luigiaccattoli.it\/blog\/francesco-e-lo-scandalo-del-verbo-incarnato\/\">Read More<span class=\"screen-reader-text\">Francesco e lo scandalo del Verbo Incarnato<\/span><\/a><\/div>\n","protected":false},"author":1,"featured_media":0,"comment_status":"open","ping_status":"closed","sticky":false,"template":"","format":"standard","meta":{"_monsterinsights_skip_tracking":false,"_monsterinsights_sitenote_active":false,"_monsterinsights_sitenote_note":"","_monsterinsights_sitenote_category":0,"footnotes":""},"categories":[1],"tags":[],"class_list":["post-11838","post","type-post","status-publish","format-standard","hentry","category-varie","excerpt"],"_links":{"self":[{"href":"http:\/\/www.luigiaccattoli.it\/blog\/wp-json\/wp\/v2\/posts\/11838","targetHints":{"allow":["GET"]}}],"collection":[{"href":"http:\/\/www.luigiaccattoli.it\/blog\/wp-json\/wp\/v2\/posts"}],"about":[{"href":"http:\/\/www.luigiaccattoli.it\/blog\/wp-json\/wp\/v2\/types\/post"}],"author":[{"embeddable":true,"href":"http:\/\/www.luigiaccattoli.it\/blog\/wp-json\/wp\/v2\/users\/1"}],"replies":[{"embeddable":true,"href":"http:\/\/www.luigiaccattoli.it\/blog\/wp-json\/wp\/v2\/comments?post=11838"}],"version-history":[{"count":6,"href":"http:\/\/www.luigiaccattoli.it\/blog\/wp-json\/wp\/v2\/posts\/11838\/revisions"}],"predecessor-version":[{"id":11840,"href":"http:\/\/www.luigiaccattoli.it\/blog\/wp-json\/wp\/v2\/posts\/11838\/revisions\/11840"}],"wp:attachment":[{"href":"http:\/\/www.luigiaccattoli.it\/blog\/wp-json\/wp\/v2\/media?parent=11838"}],"wp:term":[{"taxonomy":"category","embeddable":true,"href":"http:\/\/www.luigiaccattoli.it\/blog\/wp-json\/wp\/v2\/categories?post=11838"},{"taxonomy":"post_tag","embeddable":true,"href":"http:\/\/www.luigiaccattoli.it\/blog\/wp-json\/wp\/v2\/tags?post=11838"}],"curies":[{"name":"wp","href":"https:\/\/api.w.org\/{rel}","templated":true}]}}