{"id":11971,"date":"2013-06-19T15:06:23","date_gmt":"2013-06-19T13:06:23","guid":{"rendered":"http:\/\/www.luigiaccattoli.it\/blog\/?p=11971"},"modified":"2013-06-19T15:56:04","modified_gmt":"2013-06-19T13:56:04","slug":"francesco-invita-a-pregare-con-gli-altri-cristiani","status":"publish","type":"post","link":"http:\/\/www.luigiaccattoli.it\/blog\/francesco-invita-a-pregare-con-gli-altri-cristiani\/","title":{"rendered":"Francesco invita a pregare &#8220;con gli altri cristiani&#8221;"},"content":{"rendered":"<p>&#8220;<em>Non andiamo sulla strada delle divisioni, delle lotte fra noi! Tutti uniti, tutti uniti con le nostre differenze, ma uniti, sempre: questa \u00e8 la strada di Ges\u00f9. Quanto danno arrecano alla Chiesa le divisioni tra i cristiani, l\u2019essere di parte, gli interessi meschini! Le divisioni tra noi, ma anche le divisioni fra le comunit\u00e0: cristiani evangelici, cristiani ortodossi, cristiani cattolici, ma perch\u00e9 divisi? Dobbiamo cercare di portare l&#8217;unit\u00e0. Vi racconto una cosa: oggi, prima di uscire da casa, sono stato quaranta minuti, pi\u00f9 o meno, mezz&#8217;ora, con un Pastore evangelico e abbiamo pregato insieme, e cercato l&#8217;unit\u00e0. Ma dobbiamo pregare fra noi cattolici e anche con gli altri cristiani, pregare perch\u00e9 il Signore ci doni l&#8217;unit\u00e0, l&#8217;unit\u00e0 fra noi. Ma come avremo l&#8217;unit\u00e0 fra i cristiani se non siamo capaci di averla tra noi cattolici?&#8221;<\/em>: cos\u00ec <a href=\"http:\/\/attualita.vatican.va\/sala-stampa\/bollettino\/2013\/06\/19\/news\/31218.html\">Francesco all&#8217;udienza generale di oggi<\/a>. Segnalo le parole &#8220;prima di uscire da casa&#8221;, che \u00e8 la Casa Santa Marta. Segnalo anche, nel primo commento, un passo dell&#8217;omelia del mattino contro gli &#8220;eticisti [moralisti] senza bont\u00e0&#8221;.  <\/p>\n","protected":false},"excerpt":{"rendered":"<p>&#8220;Non andiamo sulla strada delle divisioni, delle lotte fra noi! Tutti uniti, tutti uniti con le nostre differenze, ma uniti, sempre: questa \u00e8 la strada di Ges\u00f9. Quanto danno arrecano&#8230;<\/p>\n<div class=\"more-link-wrapper\"><a class=\"more-link\" href=\"http:\/\/www.luigiaccattoli.it\/blog\/francesco-invita-a-pregare-con-gli-altri-cristiani\/\">Read More<span class=\"screen-reader-text\">Francesco invita a pregare &#8220;con gli altri cristiani&#8221;<\/span><\/a><\/div>\n","protected":false},"author":1,"featured_media":0,"comment_status":"open","ping_status":"closed","sticky":false,"template":"","format":"standard","meta":{"_monsterinsights_skip_tracking":false,"_monsterinsights_sitenote_active":false,"_monsterinsights_sitenote_note":"","_monsterinsights_sitenote_category":0,"footnotes":""},"categories":[1],"tags":[],"class_list":["post-11971","post","type-post","status-publish","format-standard","hentry","category-varie","excerpt"],"_links":{"self":[{"href":"http:\/\/www.luigiaccattoli.it\/blog\/wp-json\/wp\/v2\/posts\/11971","targetHints":{"allow":["GET"]}}],"collection":[{"href":"http:\/\/www.luigiaccattoli.it\/blog\/wp-json\/wp\/v2\/posts"}],"about":[{"href":"http:\/\/www.luigiaccattoli.it\/blog\/wp-json\/wp\/v2\/types\/post"}],"author":[{"embeddable":true,"href":"http:\/\/www.luigiaccattoli.it\/blog\/wp-json\/wp\/v2\/users\/1"}],"replies":[{"embeddable":true,"href":"http:\/\/www.luigiaccattoli.it\/blog\/wp-json\/wp\/v2\/comments?post=11971"}],"version-history":[{"count":5,"href":"http:\/\/www.luigiaccattoli.it\/blog\/wp-json\/wp\/v2\/posts\/11971\/revisions"}],"predecessor-version":[{"id":11976,"href":"http:\/\/www.luigiaccattoli.it\/blog\/wp-json\/wp\/v2\/posts\/11971\/revisions\/11976"}],"wp:attachment":[{"href":"http:\/\/www.luigiaccattoli.it\/blog\/wp-json\/wp\/v2\/media?parent=11971"}],"wp:term":[{"taxonomy":"category","embeddable":true,"href":"http:\/\/www.luigiaccattoli.it\/blog\/wp-json\/wp\/v2\/categories?post=11971"},{"taxonomy":"post_tag","embeddable":true,"href":"http:\/\/www.luigiaccattoli.it\/blog\/wp-json\/wp\/v2\/tags?post=11971"}],"curies":[{"name":"wp","href":"https:\/\/api.w.org\/{rel}","templated":true}]}}