{"id":12011,"date":"2013-06-22T14:56:30","date_gmt":"2013-06-22T12:56:30","guid":{"rendered":"http:\/\/www.luigiaccattoli.it\/blog\/?p=12011"},"modified":"2013-06-22T15:02:52","modified_gmt":"2013-06-22T13:02:52","slug":"a-don-gallo-nel-trigesimo-con-affetto","status":"publish","type":"post","link":"http:\/\/www.luigiaccattoli.it\/blog\/a-don-gallo-nel-trigesimo-con-affetto\/","title":{"rendered":"A don Gallo nel trigesimo con affetto"},"content":{"rendered":"<p>Oggi \u00e8 un mese dalla morte di don Andrea Gallo e provo a pensarlo con affetto. Siccome sono un uomo della parola provo anche a dire quel mio affetto tribolato, perch\u00e9 era una sfida \u2013 per uno come me \u2013 volere bene a don Gallo che era spigoloso, provocatore e semplificatore. Affetto combattuto in vita perch\u00e9 lui non aiutava in nulla quelli che gli volevano bene da lontano, com\u2019era il mio caso e affetto strattonato in morte perch\u00e9 si \u00e8 litigato sulla sua bara e poi sulla sua tomba, come sempre per questione di eredit\u00e0. Era un\u2019eredit\u00e0 buona la sua o cattiva? Andava custodita o bandita? Siccome la guerra era divampata anche qui nel blog, ho taciuto. Come per Franca Rame. Poi di Franca ho parlato con riconoscenza cinque giorni dopo. Per don Gallo invece ho aspettato un mese perch\u00e9 la sua figura \u00e8 pi\u00f9 coinvolgente per me. Gli mando a dire ora che gli voglio bene, che gli ho sempre voluto bene non condividendolo granch\u00e9 ma sempre apprezzando la sua capacit\u00e0 di stare con \u201ci morti di fame\u201d e i morenti di Aids, i clandestini, i tossici, le prostitute. Nei primi commenti dico meglio questo mio sentimento. <\/p>\n","protected":false},"excerpt":{"rendered":"<p>Oggi \u00e8 un mese dalla morte di don Andrea Gallo e provo a pensarlo con affetto. Siccome sono un uomo della parola provo anche a dire quel mio affetto tribolato,&#8230;<\/p>\n<div class=\"more-link-wrapper\"><a class=\"more-link\" href=\"http:\/\/www.luigiaccattoli.it\/blog\/a-don-gallo-nel-trigesimo-con-affetto\/\">Read More<span class=\"screen-reader-text\">A don Gallo nel trigesimo con affetto<\/span><\/a><\/div>\n","protected":false},"author":1,"featured_media":0,"comment_status":"open","ping_status":"closed","sticky":false,"template":"","format":"standard","meta":{"_monsterinsights_skip_tracking":false,"_monsterinsights_sitenote_active":false,"_monsterinsights_sitenote_note":"","_monsterinsights_sitenote_category":0,"footnotes":""},"categories":[1],"tags":[],"class_list":["post-12011","post","type-post","status-publish","format-standard","hentry","category-varie","excerpt"],"_links":{"self":[{"href":"http:\/\/www.luigiaccattoli.it\/blog\/wp-json\/wp\/v2\/posts\/12011","targetHints":{"allow":["GET"]}}],"collection":[{"href":"http:\/\/www.luigiaccattoli.it\/blog\/wp-json\/wp\/v2\/posts"}],"about":[{"href":"http:\/\/www.luigiaccattoli.it\/blog\/wp-json\/wp\/v2\/types\/post"}],"author":[{"embeddable":true,"href":"http:\/\/www.luigiaccattoli.it\/blog\/wp-json\/wp\/v2\/users\/1"}],"replies":[{"embeddable":true,"href":"http:\/\/www.luigiaccattoli.it\/blog\/wp-json\/wp\/v2\/comments?post=12011"}],"version-history":[{"count":3,"href":"http:\/\/www.luigiaccattoli.it\/blog\/wp-json\/wp\/v2\/posts\/12011\/revisions"}],"predecessor-version":[{"id":12013,"href":"http:\/\/www.luigiaccattoli.it\/blog\/wp-json\/wp\/v2\/posts\/12011\/revisions\/12013"}],"wp:attachment":[{"href":"http:\/\/www.luigiaccattoli.it\/blog\/wp-json\/wp\/v2\/media?parent=12011"}],"wp:term":[{"taxonomy":"category","embeddable":true,"href":"http:\/\/www.luigiaccattoli.it\/blog\/wp-json\/wp\/v2\/categories?post=12011"},{"taxonomy":"post_tag","embeddable":true,"href":"http:\/\/www.luigiaccattoli.it\/blog\/wp-json\/wp\/v2\/tags?post=12011"}],"curies":[{"name":"wp","href":"https:\/\/api.w.org\/{rel}","templated":true}]}}