{"id":12041,"date":"2013-06-26T08:14:00","date_gmt":"2013-06-26T06:14:00","guid":{"rendered":"http:\/\/www.luigiaccattoli.it\/blog\/?p=12041"},"modified":"2013-06-26T08:14:00","modified_gmt":"2013-06-26T06:14:00","slug":"su-quanto-sconcerto-possa-venire-da-un-concerto","status":"publish","type":"post","link":"http:\/\/www.luigiaccattoli.it\/blog\/su-quanto-sconcerto-possa-venire-da-un-concerto\/","title":{"rendered":"Su quanto sconcerto possa venire da un concerto"},"content":{"rendered":"<p>Mai avrei immaginato che non andando a un concerto un Papa potesse provocare un cos\u00ec grande sconcerto. Ma sapevo bene che sconcerto \u2013 come parola \u2013 deriva da concerto. Siamo in un gioco di specchi. La Curia ne \u00e8 la patria di elezione. Fuori da l\u00ec ci\u00f2 che \u00e8 avvenuto magari non \u00e8 nulla ma dentro \u00e8 un maremoto. Provo a dare un\u2019occhiata tra le onde.<\/p>\n","protected":false},"excerpt":{"rendered":"<p>Mai avrei immaginato che non andando a un concerto un Papa potesse provocare un cos\u00ec grande sconcerto. Ma sapevo bene che sconcerto \u2013 come parola \u2013 deriva da concerto. Siamo&#8230;<\/p>\n<div class=\"more-link-wrapper\"><a class=\"more-link\" href=\"http:\/\/www.luigiaccattoli.it\/blog\/su-quanto-sconcerto-possa-venire-da-un-concerto\/\">Read More<span class=\"screen-reader-text\">Su quanto sconcerto possa venire da un concerto<\/span><\/a><\/div>\n","protected":false},"author":1,"featured_media":0,"comment_status":"open","ping_status":"closed","sticky":false,"template":"","format":"standard","meta":{"_monsterinsights_skip_tracking":false,"_monsterinsights_sitenote_active":false,"_monsterinsights_sitenote_note":"","_monsterinsights_sitenote_category":0,"footnotes":""},"categories":[1],"tags":[],"class_list":["post-12041","post","type-post","status-publish","format-standard","hentry","category-varie","excerpt"],"_links":{"self":[{"href":"http:\/\/www.luigiaccattoli.it\/blog\/wp-json\/wp\/v2\/posts\/12041","targetHints":{"allow":["GET"]}}],"collection":[{"href":"http:\/\/www.luigiaccattoli.it\/blog\/wp-json\/wp\/v2\/posts"}],"about":[{"href":"http:\/\/www.luigiaccattoli.it\/blog\/wp-json\/wp\/v2\/types\/post"}],"author":[{"embeddable":true,"href":"http:\/\/www.luigiaccattoli.it\/blog\/wp-json\/wp\/v2\/users\/1"}],"replies":[{"embeddable":true,"href":"http:\/\/www.luigiaccattoli.it\/blog\/wp-json\/wp\/v2\/comments?post=12041"}],"version-history":[{"count":1,"href":"http:\/\/www.luigiaccattoli.it\/blog\/wp-json\/wp\/v2\/posts\/12041\/revisions"}],"predecessor-version":[{"id":12042,"href":"http:\/\/www.luigiaccattoli.it\/blog\/wp-json\/wp\/v2\/posts\/12041\/revisions\/12042"}],"wp:attachment":[{"href":"http:\/\/www.luigiaccattoli.it\/blog\/wp-json\/wp\/v2\/media?parent=12041"}],"wp:term":[{"taxonomy":"category","embeddable":true,"href":"http:\/\/www.luigiaccattoli.it\/blog\/wp-json\/wp\/v2\/categories?post=12041"},{"taxonomy":"post_tag","embeddable":true,"href":"http:\/\/www.luigiaccattoli.it\/blog\/wp-json\/wp\/v2\/tags?post=12041"}],"curies":[{"name":"wp","href":"https:\/\/api.w.org\/{rel}","templated":true}]}}