{"id":12084,"date":"2013-07-01T14:42:21","date_gmt":"2013-07-01T12:42:21","guid":{"rendered":"http:\/\/www.luigiaccattoli.it\/blog\/?p=12084"},"modified":"2013-07-01T16:26:53","modified_gmt":"2013-07-01T14:26:53","slug":"il-papa-a-lampedusa-per-i-migranti-annegati","status":"publish","type":"post","link":"http:\/\/www.luigiaccattoli.it\/blog\/il-papa-a-lampedusa-per-i-migranti-annegati\/","title":{"rendered":"Il Papa a Lampedusa per i migranti annegati in mare"},"content":{"rendered":"<p>&#8220;<em>Nella mattinata di luned\u00ec 8 luglio il Santo Padre si recher\u00e0 in visita all\u2019isola di Lampedusa. Papa Francesco, profondamente toccato dal recente naufragio di un\u2019imbarcazione che trasportava migranti provenienti dall\u2019Africa, ultimo di una serie di analoghe tragedie, intende pregare per coloro che hanno perso la vita in mare, visitare i superstiti e i profughi presenti, incoraggiare gli abitanti dell\u2019isola e fare appello alla responsabilit\u00e0 di tutti affinch\u00e9 ci si prenda cura di questi fratelli e sorelle in estremo bisogno. A motivo delle particolari circostanze, la visita si realizzer\u00e0 nella forma pi\u00f9 discreta possibile, anche riguardo alla presenza dei Vescovi della regione e delle autorit\u00e0 civili<\/em>&#8220;: \u00e8 l&#8217;annuncio appena dato dalla Sala Stampa vaticana. Bergoglio figlio di migranti e Papa delle periferie.<\/p>\n","protected":false},"excerpt":{"rendered":"<p>&#8220;Nella mattinata di luned\u00ec 8 luglio il Santo Padre si recher\u00e0 in visita all\u2019isola di Lampedusa. Papa Francesco, profondamente toccato dal recente naufragio di un\u2019imbarcazione che trasportava migranti provenienti dall\u2019Africa,&#8230;<\/p>\n<div class=\"more-link-wrapper\"><a class=\"more-link\" href=\"http:\/\/www.luigiaccattoli.it\/blog\/il-papa-a-lampedusa-per-i-migranti-annegati\/\">Read More<span class=\"screen-reader-text\">Il Papa a Lampedusa per i migranti annegati in mare<\/span><\/a><\/div>\n","protected":false},"author":1,"featured_media":0,"comment_status":"open","ping_status":"closed","sticky":false,"template":"","format":"standard","meta":{"_monsterinsights_skip_tracking":false,"_monsterinsights_sitenote_active":false,"_monsterinsights_sitenote_note":"","_monsterinsights_sitenote_category":0,"footnotes":""},"categories":[1],"tags":[],"class_list":["post-12084","post","type-post","status-publish","format-standard","hentry","category-varie","excerpt"],"_links":{"self":[{"href":"http:\/\/www.luigiaccattoli.it\/blog\/wp-json\/wp\/v2\/posts\/12084","targetHints":{"allow":["GET"]}}],"collection":[{"href":"http:\/\/www.luigiaccattoli.it\/blog\/wp-json\/wp\/v2\/posts"}],"about":[{"href":"http:\/\/www.luigiaccattoli.it\/blog\/wp-json\/wp\/v2\/types\/post"}],"author":[{"embeddable":true,"href":"http:\/\/www.luigiaccattoli.it\/blog\/wp-json\/wp\/v2\/users\/1"}],"replies":[{"embeddable":true,"href":"http:\/\/www.luigiaccattoli.it\/blog\/wp-json\/wp\/v2\/comments?post=12084"}],"version-history":[{"count":5,"href":"http:\/\/www.luigiaccattoli.it\/blog\/wp-json\/wp\/v2\/posts\/12084\/revisions"}],"predecessor-version":[{"id":12088,"href":"http:\/\/www.luigiaccattoli.it\/blog\/wp-json\/wp\/v2\/posts\/12084\/revisions\/12088"}],"wp:attachment":[{"href":"http:\/\/www.luigiaccattoli.it\/blog\/wp-json\/wp\/v2\/media?parent=12084"}],"wp:term":[{"taxonomy":"category","embeddable":true,"href":"http:\/\/www.luigiaccattoli.it\/blog\/wp-json\/wp\/v2\/categories?post=12084"},{"taxonomy":"post_tag","embeddable":true,"href":"http:\/\/www.luigiaccattoli.it\/blog\/wp-json\/wp\/v2\/tags?post=12084"}],"curies":[{"name":"wp","href":"https:\/\/api.w.org\/{rel}","templated":true}]}}