{"id":12189,"date":"2013-07-19T15:28:54","date_gmt":"2013-07-19T13:28:54","guid":{"rendered":"http:\/\/www.luigiaccattoli.it\/blog\/?p=12189"},"modified":"2013-07-20T09:48:49","modified_gmt":"2013-07-20T07:48:49","slug":"francesco-insiste-il-segreto-non-inibisce","status":"publish","type":"post","link":"http:\/\/www.luigiaccattoli.it\/blog\/francesco-insiste-il-segreto-non-inibisce\/","title":{"rendered":"Terzo passo di riforma di Papa Francesco"},"content":{"rendered":"<p>Terza iniziativa di riforma di Papa Francesco dopo il &#8220;Gruppo degli otto&#8221; e dopo la Commissione referente sullo Ior: una nuova Commissione referente &#8220;sull\u2019Organizzazione della struttura economico-amministrativa della Santa Sede&#8221;, con lo scopo di &#8220;preparare riforme nelle Istituzioni della Santa Sede finalizzate a una semplificazione e razionalizzazione degli Organismi esistenti e a una pi\u00f9 attenta programmazione delle attivit\u00e0 economiche di tutte le amministrazioni vaticane&#8221;. Come gi\u00e0 per la Commissione Ior &#8220;il segreto d\u2019ufficio ed altre eventuali restrizioni stabilite dall\u2019ordinamento giuridico non inibiscono o limitano l\u2019accesso della Commissione a documenti, dati e informazioni necessari&#8221;. Acciocch\u00e8 non restino scheletri in nessun armadio, neanche in quelli di nuova costruzione, il Papa stabilisce che &#8220;la Commissione \u00e8 tenuta a depositarCi l\u2019intero archivio cartaceo e digitale alla conclusione del mandato&#8221;. Che pignolo &#8216;sto Gesuita. <a href=\"http:\/\/attualita.vatican.va\/sala-stampa\/bollettino\/2013\/07\/19\/news\/31416.html#CHIROGRAFO%20DEL%20SANTO%20PADRE%20FRANCESCO\">Un comunicato della Segreteria di Stato dice la composizione della Commissione, che ha otto membri tutti laici a esclusione del segretario<\/a>. Nel primo commento un mio commento.<\/p>\n<p><strong>Francesco e Benedetto in preghiera per la Gmg<\/strong>. <a href=\"http:\/\/attualita.vatican.va\/sala-stampa\/bollettino\/2013\/07\/19\/news\/31417.html\">Oggi pomeriggio Francesco \u00e8 andato da Benedetto e insieme hanno pregato per i ragazzi che andranno a Rio de Janeiro<\/a>. <\/p>\n","protected":false},"excerpt":{"rendered":"<p>Terza iniziativa di riforma di Papa Francesco dopo il &#8220;Gruppo degli otto&#8221; e dopo la Commissione referente sullo Ior: una nuova Commissione referente &#8220;sull\u2019Organizzazione della struttura economico-amministrativa della Santa Sede&#8221;,&#8230;<\/p>\n<div class=\"more-link-wrapper\"><a class=\"more-link\" href=\"http:\/\/www.luigiaccattoli.it\/blog\/francesco-insiste-il-segreto-non-inibisce\/\">Read More<span class=\"screen-reader-text\">Terzo passo di riforma di Papa Francesco<\/span><\/a><\/div>\n","protected":false},"author":1,"featured_media":0,"comment_status":"open","ping_status":"closed","sticky":false,"template":"","format":"standard","meta":{"_monsterinsights_skip_tracking":false,"_monsterinsights_sitenote_active":false,"_monsterinsights_sitenote_note":"","_monsterinsights_sitenote_category":0,"footnotes":""},"categories":[1],"tags":[],"class_list":["post-12189","post","type-post","status-publish","format-standard","hentry","category-varie","excerpt"],"_links":{"self":[{"href":"http:\/\/www.luigiaccattoli.it\/blog\/wp-json\/wp\/v2\/posts\/12189","targetHints":{"allow":["GET"]}}],"collection":[{"href":"http:\/\/www.luigiaccattoli.it\/blog\/wp-json\/wp\/v2\/posts"}],"about":[{"href":"http:\/\/www.luigiaccattoli.it\/blog\/wp-json\/wp\/v2\/types\/post"}],"author":[{"embeddable":true,"href":"http:\/\/www.luigiaccattoli.it\/blog\/wp-json\/wp\/v2\/users\/1"}],"replies":[{"embeddable":true,"href":"http:\/\/www.luigiaccattoli.it\/blog\/wp-json\/wp\/v2\/comments?post=12189"}],"version-history":[{"count":9,"href":"http:\/\/www.luigiaccattoli.it\/blog\/wp-json\/wp\/v2\/posts\/12189\/revisions"}],"predecessor-version":[{"id":12198,"href":"http:\/\/www.luigiaccattoli.it\/blog\/wp-json\/wp\/v2\/posts\/12189\/revisions\/12198"}],"wp:attachment":[{"href":"http:\/\/www.luigiaccattoli.it\/blog\/wp-json\/wp\/v2\/media?parent=12189"}],"wp:term":[{"taxonomy":"category","embeddable":true,"href":"http:\/\/www.luigiaccattoli.it\/blog\/wp-json\/wp\/v2\/categories?post=12189"},{"taxonomy":"post_tag","embeddable":true,"href":"http:\/\/www.luigiaccattoli.it\/blog\/wp-json\/wp\/v2\/tags?post=12189"}],"curies":[{"name":"wp","href":"https:\/\/api.w.org\/{rel}","templated":true}]}}