{"id":12199,"date":"2013-07-20T20:27:23","date_gmt":"2013-07-20T18:27:23","guid":{"rendered":"http:\/\/www.luigiaccattoli.it\/blog\/?p=12199"},"modified":"2013-07-20T21:59:06","modified_gmt":"2013-07-20T19:59:06","slug":"arriva-garbin-con-la-sua-ventina-de-negri-assatana","status":"publish","type":"post","link":"http:\/\/www.luigiaccattoli.it\/blog\/arriva-garbin-con-la-sua-ventina-de-negri-assatana\/","title":{"rendered":"Arriva Garbin con la sua &#8220;ventina de negri assatan\u00e0&#8221;"},"content":{"rendered":"<p>Si chiama Romano Angelo Garbin ma il garbo pare l&#8217;abbia solo nel cognome: \u00e8 il consigliere comunale di  Cavarzere detto &#8220;El Maestron&#8221;, di Sel, che ha dedicato in Facebook questo epigramma alla leghista padovana Dolores Valandro: \u00abMa varda che rassa de femena&#8230; la sar\u00eca da molare in on recinto co\u2019 na ventina de negri assatan\u00e0 e nesuno che la juta e stare a vedare la sua reassion\u00bb. Il sinistro Garbin ha un&#8217;idea dei negri e dello stupro coincidente con quella professata dall&#8217;ineffabile Dolores, che proprio ieri l\u2019altro \u00e8 stata condannata a 13 mesi per il gentile \u00abMa nessuno che la stupri?\u00bb indirizzato al ministro Cecile Kyenge. E&#8217; la &#8220;forma mentis&#8221; di cui parlava ultimamente Roberto Calderoli: essa risulta politicamente onnivora e mi confermo nell&#8217;idea che sia giusto adoperarsi perch\u00e9 i portatori di tale mentalit\u00e0 siano cacciati dalle istituzioni, diciamo per impresentabilit\u00e0 linguistica. Vediamo intanto se Sel riuscir\u00e0 ad espellere El Maestron: se non lo far\u00e0 vorr\u00e0 dire che \u00e8 pi\u00f9 indietro &#8211; quanto a &#8220;negri&#8221; &#8211; della Lega, che ha espulso la Valandro. E siccome Calderoli \u00e8 ancora l\u00ec sar\u00e0 bene approfittare di ogni nuovo caso per mandargli un pensiero come al pi\u00f9 blasonato degli impresentabili. <\/p>\n","protected":false},"excerpt":{"rendered":"<p>Si chiama Romano Angelo Garbin ma il garbo pare l&#8217;abbia solo nel cognome: \u00e8 il consigliere comunale di Cavarzere detto &#8220;El Maestron&#8221;, di Sel, che ha dedicato in Facebook questo&#8230;<\/p>\n<div class=\"more-link-wrapper\"><a class=\"more-link\" href=\"http:\/\/www.luigiaccattoli.it\/blog\/arriva-garbin-con-la-sua-ventina-de-negri-assatana\/\">Read More<span class=\"screen-reader-text\">Arriva Garbin con la sua &#8220;ventina de negri assatan\u00e0&#8221;<\/span><\/a><\/div>\n","protected":false},"author":1,"featured_media":0,"comment_status":"open","ping_status":"closed","sticky":false,"template":"","format":"standard","meta":{"_monsterinsights_skip_tracking":false,"_monsterinsights_sitenote_active":false,"_monsterinsights_sitenote_note":"","_monsterinsights_sitenote_category":0,"footnotes":""},"categories":[1],"tags":[],"class_list":["post-12199","post","type-post","status-publish","format-standard","hentry","category-varie","excerpt"],"_links":{"self":[{"href":"http:\/\/www.luigiaccattoli.it\/blog\/wp-json\/wp\/v2\/posts\/12199","targetHints":{"allow":["GET"]}}],"collection":[{"href":"http:\/\/www.luigiaccattoli.it\/blog\/wp-json\/wp\/v2\/posts"}],"about":[{"href":"http:\/\/www.luigiaccattoli.it\/blog\/wp-json\/wp\/v2\/types\/post"}],"author":[{"embeddable":true,"href":"http:\/\/www.luigiaccattoli.it\/blog\/wp-json\/wp\/v2\/users\/1"}],"replies":[{"embeddable":true,"href":"http:\/\/www.luigiaccattoli.it\/blog\/wp-json\/wp\/v2\/comments?post=12199"}],"version-history":[{"count":7,"href":"http:\/\/www.luigiaccattoli.it\/blog\/wp-json\/wp\/v2\/posts\/12199\/revisions"}],"predecessor-version":[{"id":12201,"href":"http:\/\/www.luigiaccattoli.it\/blog\/wp-json\/wp\/v2\/posts\/12199\/revisions\/12201"}],"wp:attachment":[{"href":"http:\/\/www.luigiaccattoli.it\/blog\/wp-json\/wp\/v2\/media?parent=12199"}],"wp:term":[{"taxonomy":"category","embeddable":true,"href":"http:\/\/www.luigiaccattoli.it\/blog\/wp-json\/wp\/v2\/categories?post=12199"},{"taxonomy":"post_tag","embeddable":true,"href":"http:\/\/www.luigiaccattoli.it\/blog\/wp-json\/wp\/v2\/tags?post=12199"}],"curies":[{"name":"wp","href":"https:\/\/api.w.org\/{rel}","templated":true}]}}