{"id":12304,"date":"2013-08-05T13:28:43","date_gmt":"2013-08-05T11:28:43","guid":{"rendered":"http:\/\/www.luigiaccattoli.it\/blog\/?p=12304"},"modified":"2013-10-08T17:29:21","modified_gmt":"2013-10-08T15:29:21","slug":"critici-e-fans-del-papa-nel-pallone","status":"publish","type":"post","link":"http:\/\/www.luigiaccattoli.it\/blog\/critici-e-fans-del-papa-nel-pallone\/","title":{"rendered":"Critici e fans del Papa nel pallone"},"content":{"rendered":"<p>Ma da dove venivano quel palloncino e quella maglietta con i colori del Brasile che il Papa, luned\u00ec 29 luglio, al rientro da Rio de Janeiro ha portato sull\u2019altare della cappella della Madonna, in Santa Maria Maggiore? Uscito Francesco in automobile dall\u2019aeroporto di Ciampino, nell\u2019attesa del semaforo verde per l\u2019immissione sull\u2019Appia, un gruppo di ragazzi appena rientrati da Rio lo circondano e lui abbassa il finestrino e loro gli offrono il palloncino e la maglietta che avevano tra mano: due pezzi del \u201ckit del pellegrino\u201d che a Rio era stato distribuito ai partecipanti. Il Papa li ha accolti come uno dei segni della sua vicinanza ai giovani e ha voluto farli arrivare \u2013 a suo modo \u2013 alla Salus Populi Romani. Era andato a pregare nella Cappella Paolina prima della partenza per Rio e vi \u00e8 tornato a ringraziare al ritorno. Non avendo fiori, le ha \u201cpassato\u201d quei gadget che aveva avuto dai ragazzi. Non sono mancati i mugugni ma \u00e8 tutto qua ed \u00e8 semplice per chi \u00e8 semplice. \u201c<em>Credo che Dio ci chiede in questo momento pi\u00f9 semplicit\u00e0<\/em>\u201d ha detto Francesco a Rio parlando a \u201cTv Globo\u201d.<\/p>\n","protected":false},"excerpt":{"rendered":"<p>Ma da dove venivano quel palloncino e quella maglietta con i colori del Brasile che il Papa, luned\u00ec 29 luglio, al rientro da Rio de Janeiro ha portato sull\u2019altare della&#8230;<\/p>\n<div class=\"more-link-wrapper\"><a class=\"more-link\" href=\"http:\/\/www.luigiaccattoli.it\/blog\/critici-e-fans-del-papa-nel-pallone\/\">Read More<span class=\"screen-reader-text\">Critici e fans del Papa nel pallone<\/span><\/a><\/div>\n","protected":false},"author":1,"featured_media":0,"comment_status":"open","ping_status":"closed","sticky":false,"template":"","format":"standard","meta":{"_monsterinsights_skip_tracking":false,"_monsterinsights_sitenote_active":false,"_monsterinsights_sitenote_note":"","_monsterinsights_sitenote_category":0,"footnotes":""},"categories":[1],"tags":[],"class_list":["post-12304","post","type-post","status-publish","format-standard","hentry","category-varie","excerpt"],"_links":{"self":[{"href":"http:\/\/www.luigiaccattoli.it\/blog\/wp-json\/wp\/v2\/posts\/12304","targetHints":{"allow":["GET"]}}],"collection":[{"href":"http:\/\/www.luigiaccattoli.it\/blog\/wp-json\/wp\/v2\/posts"}],"about":[{"href":"http:\/\/www.luigiaccattoli.it\/blog\/wp-json\/wp\/v2\/types\/post"}],"author":[{"embeddable":true,"href":"http:\/\/www.luigiaccattoli.it\/blog\/wp-json\/wp\/v2\/users\/1"}],"replies":[{"embeddable":true,"href":"http:\/\/www.luigiaccattoli.it\/blog\/wp-json\/wp\/v2\/comments?post=12304"}],"version-history":[{"count":6,"href":"http:\/\/www.luigiaccattoli.it\/blog\/wp-json\/wp\/v2\/posts\/12304\/revisions"}],"predecessor-version":[{"id":12723,"href":"http:\/\/www.luigiaccattoli.it\/blog\/wp-json\/wp\/v2\/posts\/12304\/revisions\/12723"}],"wp:attachment":[{"href":"http:\/\/www.luigiaccattoli.it\/blog\/wp-json\/wp\/v2\/media?parent=12304"}],"wp:term":[{"taxonomy":"category","embeddable":true,"href":"http:\/\/www.luigiaccattoli.it\/blog\/wp-json\/wp\/v2\/categories?post=12304"},{"taxonomy":"post_tag","embeddable":true,"href":"http:\/\/www.luigiaccattoli.it\/blog\/wp-json\/wp\/v2\/tags?post=12304"}],"curies":[{"name":"wp","href":"https:\/\/api.w.org\/{rel}","templated":true}]}}