{"id":12379,"date":"2013-08-20T09:24:04","date_gmt":"2013-08-20T07:24:04","guid":{"rendered":"http:\/\/www.luigiaccattoli.it\/blog\/?p=12379"},"modified":"2013-09-05T12:58:06","modified_gmt":"2013-09-05T10:58:06","slug":"francesco-in-discontinuita-con-quattro-papi","status":"publish","type":"post","link":"http:\/\/www.luigiaccattoli.it\/blog\/francesco-in-discontinuita-con-quattro-papi\/","title":{"rendered":"Francesco in discontinuit\u00e0 con quattro Papi"},"content":{"rendered":"<p>Ho parlato ieri &#8211; qui a Sestri Levante dove sono in vacanza &#8211; di &#8220;Papa Francesco eletto a mezzo secolo dal Concilio e a 45 anni da Medellin&#8221;. Mi \u00e8 stato chiesto se la discontinuit\u00e0 del nuovo Papa rispetto all&#8217;emerito non comporti una &#8220;sconfessione&#8221; del predecessore. Ho risposto che no: &#8220;La discontinuit\u00e0 tra i Papi \u00e8 nel dna della Chiesa Cattolica che cos\u00ec compensa nel tempo la inevitabile rigidit\u00e0 pro-tempore comportata dalla piena potest\u00e0 attribuita al detentore del ministero petrino&#8221;. Correzione e integrazione, non sconfessione. Altra domanda: ma c&#8217;\u00e8 discontinuit\u00e0 anche nella figura papale &#8211; vesti, appartamento, modo di spostarsi &#8211; e questa oggettivamente colpisce il predecessore. Risposta: &#8220;No, la figura papale proposta da Francesco \u00e8 in discontinuit\u00e0 con quattro Papi, non con il solo Benedetto. Con Papa Bergoglio \u00e8 superata la figura papale conciliare creata da Papa Montini e fatta propria da Luciani, da Wojtyla, da Ratzinger. Dunque una discontinuit\u00e0 &#8211; se vogliamo &#8211; anche maggiore, ma che non va misurata sul predecessore, bens\u00ec su un intero cinquantennio del Pontificato romano&#8221;. &#8211; I prossimi giorni dir\u00f2 le altre domande e le mie risposte. Domani sera riproporr\u00f2 la conferenza di ieri sempre a Sesti presso le Oblate della Madonnina del Grappa. <\/p>\n","protected":false},"excerpt":{"rendered":"<p>Ho parlato ieri &#8211; qui a Sestri Levante dove sono in vacanza &#8211; di &#8220;Papa Francesco eletto a mezzo secolo dal Concilio e a 45 anni da Medellin&#8221;. Mi \u00e8&#8230;<\/p>\n<div class=\"more-link-wrapper\"><a class=\"more-link\" href=\"http:\/\/www.luigiaccattoli.it\/blog\/francesco-in-discontinuita-con-quattro-papi\/\">Read More<span class=\"screen-reader-text\">Francesco in discontinuit\u00e0 con quattro Papi<\/span><\/a><\/div>\n","protected":false},"author":1,"featured_media":0,"comment_status":"open","ping_status":"closed","sticky":false,"template":"","format":"standard","meta":{"_monsterinsights_skip_tracking":false,"_monsterinsights_sitenote_active":false,"_monsterinsights_sitenote_note":"","_monsterinsights_sitenote_category":0,"footnotes":""},"categories":[1],"tags":[],"class_list":["post-12379","post","type-post","status-publish","format-standard","hentry","category-varie","excerpt"],"_links":{"self":[{"href":"http:\/\/www.luigiaccattoli.it\/blog\/wp-json\/wp\/v2\/posts\/12379","targetHints":{"allow":["GET"]}}],"collection":[{"href":"http:\/\/www.luigiaccattoli.it\/blog\/wp-json\/wp\/v2\/posts"}],"about":[{"href":"http:\/\/www.luigiaccattoli.it\/blog\/wp-json\/wp\/v2\/types\/post"}],"author":[{"embeddable":true,"href":"http:\/\/www.luigiaccattoli.it\/blog\/wp-json\/wp\/v2\/users\/1"}],"replies":[{"embeddable":true,"href":"http:\/\/www.luigiaccattoli.it\/blog\/wp-json\/wp\/v2\/comments?post=12379"}],"version-history":[{"count":4,"href":"http:\/\/www.luigiaccattoli.it\/blog\/wp-json\/wp\/v2\/posts\/12379\/revisions"}],"predecessor-version":[{"id":12495,"href":"http:\/\/www.luigiaccattoli.it\/blog\/wp-json\/wp\/v2\/posts\/12379\/revisions\/12495"}],"wp:attachment":[{"href":"http:\/\/www.luigiaccattoli.it\/blog\/wp-json\/wp\/v2\/media?parent=12379"}],"wp:term":[{"taxonomy":"category","embeddable":true,"href":"http:\/\/www.luigiaccattoli.it\/blog\/wp-json\/wp\/v2\/categories?post=12379"},{"taxonomy":"post_tag","embeddable":true,"href":"http:\/\/www.luigiaccattoli.it\/blog\/wp-json\/wp\/v2\/tags?post=12379"}],"curies":[{"name":"wp","href":"https:\/\/api.w.org\/{rel}","templated":true}]}}