{"id":12425,"date":"2013-08-26T22:47:27","date_gmt":"2013-08-26T20:47:27","guid":{"rendered":"http:\/\/www.luigiaccattoli.it\/blog\/?p=12425"},"modified":"2013-08-26T22:56:11","modified_gmt":"2013-08-26T20:56:11","slug":"12425","status":"publish","type":"post","link":"http:\/\/www.luigiaccattoli.it\/blog\/12425\/","title":{"rendered":"Anche Francesco difende la vita ma con tre novit\u00e0"},"content":{"rendered":"<p>Nelle due serate di Sestri Levante &#8211; vedi post del 20 e del 23 agosto &#8211; mi hanno poi chiesto se sia prevedibile una qualche influenza delle &#8220;novit\u00e0&#8221; di Francesco sulla politica italiana. Ho risposto che immagino avr\u00e0 &#8211; come i predecessori &#8211; una buona influenza culturale e sociale ma non politica: sia perch\u00e9 scarsa da tempo \u00e8 l&#8217;influenza politica della Chiesa e dei Papi in specie, sia perch\u00e9 Francesco non intende profilarsi in alcun modo nel nostro dibattito politico. Altra domanda collegata: &#8220;Non interverr\u00e0 neanche a difesa della vita?&#8221; Interverr\u00e0 &#8211; ho detto &#8211; e lo ha gi\u00e0 fatto almeno quattro volte in cinque mesi, ma lo ha fatto e lo far\u00e0 in maniera diversa rispetto agli ultimi due Papi e con minore intensit\u00e0 anche in paragone a Paolo VI: non entrando in polemica con le leggi dei singoli paesi, non scindendo la difesa della vita prenatale dalla difesa di ogni vita, non ponendo l\u2019etica della vita al centro della sua predicazione. Per un pi\u00f9 ampio svolgimento della riflessione sugli interventi del nuovo Papa a difesa della vita, <a href=\"http:\/\/www.luigiaccattoli.it\/blog\/?page_id=12405\">vedi un mio articolo in merito all&#8217;ultima uscita pubblicato dal <em>Corsera<\/em> del 13 agosto<\/a>.<\/p>\n","protected":false},"excerpt":{"rendered":"<p>Nelle due serate di Sestri Levante &#8211; vedi post del 20 e del 23 agosto &#8211; mi hanno poi chiesto se sia prevedibile una qualche influenza delle &#8220;novit\u00e0&#8221; di Francesco&#8230;<\/p>\n<div class=\"more-link-wrapper\"><a class=\"more-link\" href=\"http:\/\/www.luigiaccattoli.it\/blog\/12425\/\">Read More<span class=\"screen-reader-text\">Anche Francesco difende la vita ma con tre novit\u00e0<\/span><\/a><\/div>\n","protected":false},"author":1,"featured_media":0,"comment_status":"open","ping_status":"closed","sticky":false,"template":"","format":"standard","meta":{"_monsterinsights_skip_tracking":false,"_monsterinsights_sitenote_active":false,"_monsterinsights_sitenote_note":"","_monsterinsights_sitenote_category":0,"footnotes":""},"categories":[1],"tags":[],"class_list":["post-12425","post","type-post","status-publish","format-standard","hentry","category-varie","excerpt"],"_links":{"self":[{"href":"http:\/\/www.luigiaccattoli.it\/blog\/wp-json\/wp\/v2\/posts\/12425","targetHints":{"allow":["GET"]}}],"collection":[{"href":"http:\/\/www.luigiaccattoli.it\/blog\/wp-json\/wp\/v2\/posts"}],"about":[{"href":"http:\/\/www.luigiaccattoli.it\/blog\/wp-json\/wp\/v2\/types\/post"}],"author":[{"embeddable":true,"href":"http:\/\/www.luigiaccattoli.it\/blog\/wp-json\/wp\/v2\/users\/1"}],"replies":[{"embeddable":true,"href":"http:\/\/www.luigiaccattoli.it\/blog\/wp-json\/wp\/v2\/comments?post=12425"}],"version-history":[{"count":8,"href":"http:\/\/www.luigiaccattoli.it\/blog\/wp-json\/wp\/v2\/posts\/12425\/revisions"}],"predecessor-version":[{"id":12433,"href":"http:\/\/www.luigiaccattoli.it\/blog\/wp-json\/wp\/v2\/posts\/12425\/revisions\/12433"}],"wp:attachment":[{"href":"http:\/\/www.luigiaccattoli.it\/blog\/wp-json\/wp\/v2\/media?parent=12425"}],"wp:term":[{"taxonomy":"category","embeddable":true,"href":"http:\/\/www.luigiaccattoli.it\/blog\/wp-json\/wp\/v2\/categories?post=12425"},{"taxonomy":"post_tag","embeddable":true,"href":"http:\/\/www.luigiaccattoli.it\/blog\/wp-json\/wp\/v2\/tags?post=12425"}],"curies":[{"name":"wp","href":"https:\/\/api.w.org\/{rel}","templated":true}]}}