{"id":12461,"date":"2013-09-01T12:05:16","date_gmt":"2013-09-01T10:05:16","guid":{"rendered":"http:\/\/www.luigiaccattoli.it\/blog\/?p=12461"},"modified":"2013-09-01T14:25:43","modified_gmt":"2013-09-01T12:25:43","slug":"francesco-grida-pace-a-nome-dellumanita","status":"publish","type":"post","link":"http:\/\/www.luigiaccattoli.it\/blog\/francesco-grida-pace-a-nome-dellumanita\/","title":{"rendered":"Francesco indice una giornata per la pace in Siria"},"content":{"rendered":"<p>&#8220;Angosciato per i drammatici sviluppi che si prospettano&#8221; il Papa all&#8217;<em>Angelus<\/em> fa proprio il &#8220;grido&#8221; di pace dell&#8217;intera famiglia umana, chiede a tutti di abbandonare la via del conflitto, condanna &#8220;con particolare fermezza&#8221; l&#8217;uso delle armi chimiche: &#8220;C&#8217;\u00e8 un giudizio di Dio a cui non si pu\u00f2 sfuggire&#8221;. &#8220;Con tutta la mia forza&#8221; chiede alle parti in lotta di imboccare la via del dialogo e fa appello alla comunit\u00e0 internazionale perch\u00e9 non sia lasciato &#8220;alcuno sforzo&#8221; per aiutare i siriani a imboccare la via della pace, che &#8220;\u00e8 un bene di tutta l&#8217;umanit\u00e0&#8221;. &#8220;Ho deciso di indire per tutta la Chiesa il sette settembre prossimo una giornata di digiuno e di preghiera per la pace in Siria, nel Medio Oriente e nel mondo intero&#8221;. E invita a unirsi &#8220;i cristiani non cattolici, gli appartenenti ad altre religioni e gli uomini di buona volont\u00e0&#8221;. Ho scritto mentre parlava, come ho potuto. Appena sar\u00e0 disponibile il testo, metter\u00f2 un link. <\/p>\n<p>Qui il <strong><a href=\"http:\/\/www.news.va\/it\/news\/allangelus-il-papa-invoca-la-pace-il-7-settembre-a\">testo della Radio Vaticana<\/a><\/strong><\/p>\n","protected":false},"excerpt":{"rendered":"<p>&#8220;Angosciato per i drammatici sviluppi che si prospettano&#8221; il Papa all&#8217;Angelus fa proprio il &#8220;grido&#8221; di pace dell&#8217;intera famiglia umana, chiede a tutti di abbandonare la via del conflitto, condanna&#8230;<\/p>\n<div class=\"more-link-wrapper\"><a class=\"more-link\" href=\"http:\/\/www.luigiaccattoli.it\/blog\/francesco-grida-pace-a-nome-dellumanita\/\">Read More<span class=\"screen-reader-text\">Francesco indice una giornata per la pace in Siria<\/span><\/a><\/div>\n","protected":false},"author":1,"featured_media":0,"comment_status":"open","ping_status":"closed","sticky":false,"template":"","format":"standard","meta":{"_monsterinsights_skip_tracking":false,"_monsterinsights_sitenote_active":false,"_monsterinsights_sitenote_note":"","_monsterinsights_sitenote_category":0,"footnotes":""},"categories":[1],"tags":[],"class_list":["post-12461","post","type-post","status-publish","format-standard","hentry","category-varie","excerpt"],"_links":{"self":[{"href":"http:\/\/www.luigiaccattoli.it\/blog\/wp-json\/wp\/v2\/posts\/12461","targetHints":{"allow":["GET"]}}],"collection":[{"href":"http:\/\/www.luigiaccattoli.it\/blog\/wp-json\/wp\/v2\/posts"}],"about":[{"href":"http:\/\/www.luigiaccattoli.it\/blog\/wp-json\/wp\/v2\/types\/post"}],"author":[{"embeddable":true,"href":"http:\/\/www.luigiaccattoli.it\/blog\/wp-json\/wp\/v2\/users\/1"}],"replies":[{"embeddable":true,"href":"http:\/\/www.luigiaccattoli.it\/blog\/wp-json\/wp\/v2\/comments?post=12461"}],"version-history":[{"count":12,"href":"http:\/\/www.luigiaccattoli.it\/blog\/wp-json\/wp\/v2\/posts\/12461\/revisions"}],"predecessor-version":[{"id":12473,"href":"http:\/\/www.luigiaccattoli.it\/blog\/wp-json\/wp\/v2\/posts\/12461\/revisions\/12473"}],"wp:attachment":[{"href":"http:\/\/www.luigiaccattoli.it\/blog\/wp-json\/wp\/v2\/media?parent=12461"}],"wp:term":[{"taxonomy":"category","embeddable":true,"href":"http:\/\/www.luigiaccattoli.it\/blog\/wp-json\/wp\/v2\/categories?post=12461"},{"taxonomy":"post_tag","embeddable":true,"href":"http:\/\/www.luigiaccattoli.it\/blog\/wp-json\/wp\/v2\/tags?post=12461"}],"curies":[{"name":"wp","href":"https:\/\/api.w.org\/{rel}","templated":true}]}}