{"id":12481,"date":"2013-09-03T12:20:28","date_gmt":"2013-09-03T10:20:28","guid":{"rendered":"http:\/\/www.luigiaccattoli.it\/blog\/?p=12481"},"modified":"2013-09-03T12:29:56","modified_gmt":"2013-09-03T10:29:56","slug":"agibilita-politica-ma-quella-non-la-toglie-nessuno","status":"publish","type":"post","link":"http:\/\/www.luigiaccattoli.it\/blog\/agibilita-politica-ma-quella-non-la-toglie-nessuno\/","title":{"rendered":"Agibilit\u00e0 politica: ma quella non la toglie nessuno"},"content":{"rendered":"<p>Non sono un sostenitore di Berlusconi ma azzardo comunque una mia idea sulla cosiddetta &#8220;agibilit\u00e0 politica&#8221; del Cavaliere, all&#8217;indomani dell&#8217;uscita dal Senato che ritengo inevitabile: se c&#8217;\u00e8 uno, tra i nostri leaders a non aver bisogno d&#8217;essere nelle istituzioni per fare politica, questi \u00e8 proprio lui. N\u00e9 bisogno d&#8217;essere in Parlamento n\u00e9 &#8211; io credo &#8211; necessit\u00e0 di cariche di partito, n\u00e9 di candidarsi alle elezioni. Sono del parere che si fa politica da qualsiasi posizione &#8211; anche solo passeggiando per Atene &#8211; ed \u00e8 per questo che inserisco post politici in questo blog. A suo tempo scrissi che la mia amica Rosy Bindi non aveva alcun bisogno di essere in Parlamento per fare politica ma questa idea vale dieci volte per Berlusconi, che la politica la pu\u00f2 fare e la fa con i giornali, con le televisioni, con la Rete, in ogni luogo. D&#8217;Alema non \u00e8 pi\u00f9 in Parlamento e fa politica e come, anche troppa. Le &#8220;agibilit\u00e0&#8221; extra istituzionali di Berlusconi sono di cento a uno rispetto a quelle di D&#8217;Alema o di Rosy Bindi. <\/p>\n","protected":false},"excerpt":{"rendered":"<p>Non sono un sostenitore di Berlusconi ma azzardo comunque una mia idea sulla cosiddetta &#8220;agibilit\u00e0 politica&#8221; del Cavaliere, all&#8217;indomani dell&#8217;uscita dal Senato che ritengo inevitabile: se c&#8217;\u00e8 uno, tra i&#8230;<\/p>\n<div class=\"more-link-wrapper\"><a class=\"more-link\" href=\"http:\/\/www.luigiaccattoli.it\/blog\/agibilita-politica-ma-quella-non-la-toglie-nessuno\/\">Read More<span class=\"screen-reader-text\">Agibilit\u00e0 politica: ma quella non la toglie nessuno<\/span><\/a><\/div>\n","protected":false},"author":1,"featured_media":0,"comment_status":"open","ping_status":"closed","sticky":false,"template":"","format":"standard","meta":{"_monsterinsights_skip_tracking":false,"_monsterinsights_sitenote_active":false,"_monsterinsights_sitenote_note":"","_monsterinsights_sitenote_category":0,"footnotes":""},"categories":[1],"tags":[],"class_list":["post-12481","post","type-post","status-publish","format-standard","hentry","category-varie","excerpt"],"_links":{"self":[{"href":"http:\/\/www.luigiaccattoli.it\/blog\/wp-json\/wp\/v2\/posts\/12481","targetHints":{"allow":["GET"]}}],"collection":[{"href":"http:\/\/www.luigiaccattoli.it\/blog\/wp-json\/wp\/v2\/posts"}],"about":[{"href":"http:\/\/www.luigiaccattoli.it\/blog\/wp-json\/wp\/v2\/types\/post"}],"author":[{"embeddable":true,"href":"http:\/\/www.luigiaccattoli.it\/blog\/wp-json\/wp\/v2\/users\/1"}],"replies":[{"embeddable":true,"href":"http:\/\/www.luigiaccattoli.it\/blog\/wp-json\/wp\/v2\/comments?post=12481"}],"version-history":[{"count":7,"href":"http:\/\/www.luigiaccattoli.it\/blog\/wp-json\/wp\/v2\/posts\/12481\/revisions"}],"predecessor-version":[{"id":12488,"href":"http:\/\/www.luigiaccattoli.it\/blog\/wp-json\/wp\/v2\/posts\/12481\/revisions\/12488"}],"wp:attachment":[{"href":"http:\/\/www.luigiaccattoli.it\/blog\/wp-json\/wp\/v2\/media?parent=12481"}],"wp:term":[{"taxonomy":"category","embeddable":true,"href":"http:\/\/www.luigiaccattoli.it\/blog\/wp-json\/wp\/v2\/categories?post=12481"},{"taxonomy":"post_tag","embeddable":true,"href":"http:\/\/www.luigiaccattoli.it\/blog\/wp-json\/wp\/v2\/tags?post=12481"}],"curies":[{"name":"wp","href":"https:\/\/api.w.org\/{rel}","templated":true}]}}