{"id":12500,"date":"2013-09-06T20:35:12","date_gmt":"2013-09-06T18:35:12","guid":{"rendered":"http:\/\/www.luigiaccattoli.it\/blog\/?p=12500"},"modified":"2013-09-06T20:57:54","modified_gmt":"2013-09-06T18:57:54","slug":"lunedi-visita-alla-mostra-costantino-313-dopo-cristo","status":"publish","type":"post","link":"http:\/\/www.luigiaccattoli.it\/blog\/lunedi-visita-alla-mostra-costantino-313-dopo-cristo\/","title":{"rendered":"Luned\u00ec visita alla mostra &#8220;Costantino 313 dopo Cristo&#8221;"},"content":{"rendered":"<p>Per i visitatori del blog che abitano a Roma: luned\u00ec 9 settembre guider\u00f2 una visita alla mostra COSTANTINO 313 DC che \u00e8 al Colosseo e che chiude il 15 settembre. L&#8217;ho gi\u00e0 vista a Milano e tre volte a Roma, guidando una volta un gruppo della Parrocchia di Sant&#8217;Elena al Casilino. Da quella visita \u00e8 venuta l&#8217;idea di un nuovo appuntamento per i partecipanti a <a href=\"http:\/\/www.luigiaccattoli.it\/blog\/?page_id=603\">Pizza e Vangelo<\/a> e per gli amici del blog. <a href=\"http:\/\/www.electaweb.it\/mostre\/scheda\/costantino-313-dc\/it\/\">Qui<\/a> il sito della mostra, <a href=\"http:\/\/www.luigiaccattoli.it\/blog\/?p=12096\">qui<\/a> un mio post di invito a vederla. L&#8217;appuntamento \u00e8 alle 16,30 all&#8217;ingresso del Colosseo: ognuno acquister\u00e0 il proprio biglietto, io entro gratis perch\u00e9 sono vecchio ma bando all&#8217;invidia, v&#8217;assicuro che s&#8217;invecchia facile. E&#8217; verosimile una coda alla biglietteria di 20 minuti. L&#8217;inizio della visita \u00e8 previsto per le 17.00, con raduno in fondo alla scala che porta al second&#8217;ordine dov&#8217;\u00e8 la mostra. Al termine della visita &#8211; la mostra chiude alle 19.00 &#8211; propongo passeggiata e cena &#8220;<a href=\"https:\/\/plus.google.com\/100848860274981835847\/about?gl=it&#038;hl=it\">da Nerone<\/a>&#8220;, che \u00e8 a cento metri, davanti a uno degli ingressi al Colle Oppio. Per prenotare un tavolo, dare conferma della partecipazione. Chi viene solo alla mostra non c&#8217;\u00e8 bisogno che dia conferma. Un bel saluto a tutti, Luigi<\/p>\n","protected":false},"excerpt":{"rendered":"<p>Per i visitatori del blog che abitano a Roma: luned\u00ec 9 settembre guider\u00f2 una visita alla mostra COSTANTINO 313 DC che \u00e8 al Colosseo e che chiude il 15 settembre.&#8230;<\/p>\n<div class=\"more-link-wrapper\"><a class=\"more-link\" href=\"http:\/\/www.luigiaccattoli.it\/blog\/lunedi-visita-alla-mostra-costantino-313-dopo-cristo\/\">Read More<span class=\"screen-reader-text\">Luned\u00ec visita alla mostra &#8220;Costantino 313 dopo Cristo&#8221;<\/span><\/a><\/div>\n","protected":false},"author":1,"featured_media":0,"comment_status":"open","ping_status":"closed","sticky":false,"template":"","format":"standard","meta":{"_monsterinsights_skip_tracking":false,"_monsterinsights_sitenote_active":false,"_monsterinsights_sitenote_note":"","_monsterinsights_sitenote_category":0,"footnotes":""},"categories":[1],"tags":[],"class_list":["post-12500","post","type-post","status-publish","format-standard","hentry","category-varie","excerpt"],"_links":{"self":[{"href":"http:\/\/www.luigiaccattoli.it\/blog\/wp-json\/wp\/v2\/posts\/12500","targetHints":{"allow":["GET"]}}],"collection":[{"href":"http:\/\/www.luigiaccattoli.it\/blog\/wp-json\/wp\/v2\/posts"}],"about":[{"href":"http:\/\/www.luigiaccattoli.it\/blog\/wp-json\/wp\/v2\/types\/post"}],"author":[{"embeddable":true,"href":"http:\/\/www.luigiaccattoli.it\/blog\/wp-json\/wp\/v2\/users\/1"}],"replies":[{"embeddable":true,"href":"http:\/\/www.luigiaccattoli.it\/blog\/wp-json\/wp\/v2\/comments?post=12500"}],"version-history":[{"count":15,"href":"http:\/\/www.luigiaccattoli.it\/blog\/wp-json\/wp\/v2\/posts\/12500\/revisions"}],"predecessor-version":[{"id":12504,"href":"http:\/\/www.luigiaccattoli.it\/blog\/wp-json\/wp\/v2\/posts\/12500\/revisions\/12504"}],"wp:attachment":[{"href":"http:\/\/www.luigiaccattoli.it\/blog\/wp-json\/wp\/v2\/media?parent=12500"}],"wp:term":[{"taxonomy":"category","embeddable":true,"href":"http:\/\/www.luigiaccattoli.it\/blog\/wp-json\/wp\/v2\/categories?post=12500"},{"taxonomy":"post_tag","embeddable":true,"href":"http:\/\/www.luigiaccattoli.it\/blog\/wp-json\/wp\/v2\/tags?post=12500"}],"curies":[{"name":"wp","href":"https:\/\/api.w.org\/{rel}","templated":true}]}}