{"id":12573,"date":"2013-09-19T21:26:35","date_gmt":"2013-09-19T19:26:35","guid":{"rendered":"http:\/\/www.luigiaccattoli.it\/blog\/?p=12573"},"modified":"2013-09-19T21:32:10","modified_gmt":"2013-09-19T19:32:10","slug":"francesco-prima-il-vangelo-e-poi-le-dottrine","status":"publish","type":"post","link":"http:\/\/www.luigiaccattoli.it\/blog\/francesco-prima-il-vangelo-e-poi-le-dottrine\/","title":{"rendered":"Francesco: prima il Vangelo e poi le dottrine"},"content":{"rendered":"<p>\u00ab<em>Non possiamo insistere solo sulle questioni legate ad aborto, matrimonio omosessuale e uso dei metodi contraccettivi. Io non ho parlato molto di queste cose, e questo mi \u00e8 stato rimproverato. Ma quando se ne parla, bisogna parlarne in un contesto. Il parere della Chiesa, del resto, lo si conosce, e io sono figlio della Chiesa, ma non \u00e8 necessario parlarne in continuazione. Una pastorale missionaria non \u00e8 ossessionata dalla trasmissione disarticolata di una moltitudine di dottrine da imporre con insistenza. L\u2019annuncio di tipo missionario si concentra sull\u2019essenziale, sul necessario, che \u00e8 anche ci\u00f2 che appassiona e attira di pi\u00f9, ci\u00f2 che fa ardere il cuore, come ai discepoli di Emmaus. Dobbiamo quindi trovare un nuovo equilibrio, altrimenti anche l\u2019edificio morale della Chiesa rischia di cadere come un castello di carte, di perdere la freschezza e il profumo del Vangelo. La proposta evangelica deve essere pi\u00f9 semplice, profonda, irradiante. \u00c8 da questa proposta che poi vengono le conseguenze morali<\/em>\u00bb. Sono parole dell&#8217;<a href=\"http:\/\/www.avvenire.it\/Chiesa\/Pagine\/intervista-papa-civilta-cattolica.aspx\">intervista del Papa alle riviste dei Gesuiti<\/a>: fino ad ora ne ho scritto per il Corriere della Sera, interpretandola secondo le parole che ho messo nel titolo di questo post. Domani linker\u00f2 il mio articolo e proporr\u00f2 altri brani dell&#8217;intervista.<\/p>\n","protected":false},"excerpt":{"rendered":"<p>\u00abNon possiamo insistere solo sulle questioni legate ad aborto, matrimonio omosessuale e uso dei metodi contraccettivi. Io non ho parlato molto di queste cose, e questo mi \u00e8 stato rimproverato.&#8230;<\/p>\n<div class=\"more-link-wrapper\"><a class=\"more-link\" href=\"http:\/\/www.luigiaccattoli.it\/blog\/francesco-prima-il-vangelo-e-poi-le-dottrine\/\">Read More<span class=\"screen-reader-text\">Francesco: prima il Vangelo e poi le dottrine<\/span><\/a><\/div>\n","protected":false},"author":1,"featured_media":0,"comment_status":"open","ping_status":"closed","sticky":false,"template":"","format":"standard","meta":{"_monsterinsights_skip_tracking":false,"_monsterinsights_sitenote_active":false,"_monsterinsights_sitenote_note":"","_monsterinsights_sitenote_category":0,"footnotes":""},"categories":[1],"tags":[],"class_list":["post-12573","post","type-post","status-publish","format-standard","hentry","category-varie","excerpt"],"_links":{"self":[{"href":"http:\/\/www.luigiaccattoli.it\/blog\/wp-json\/wp\/v2\/posts\/12573","targetHints":{"allow":["GET"]}}],"collection":[{"href":"http:\/\/www.luigiaccattoli.it\/blog\/wp-json\/wp\/v2\/posts"}],"about":[{"href":"http:\/\/www.luigiaccattoli.it\/blog\/wp-json\/wp\/v2\/types\/post"}],"author":[{"embeddable":true,"href":"http:\/\/www.luigiaccattoli.it\/blog\/wp-json\/wp\/v2\/users\/1"}],"replies":[{"embeddable":true,"href":"http:\/\/www.luigiaccattoli.it\/blog\/wp-json\/wp\/v2\/comments?post=12573"}],"version-history":[{"count":5,"href":"http:\/\/www.luigiaccattoli.it\/blog\/wp-json\/wp\/v2\/posts\/12573\/revisions"}],"predecessor-version":[{"id":12578,"href":"http:\/\/www.luigiaccattoli.it\/blog\/wp-json\/wp\/v2\/posts\/12573\/revisions\/12578"}],"wp:attachment":[{"href":"http:\/\/www.luigiaccattoli.it\/blog\/wp-json\/wp\/v2\/media?parent=12573"}],"wp:term":[{"taxonomy":"category","embeddable":true,"href":"http:\/\/www.luigiaccattoli.it\/blog\/wp-json\/wp\/v2\/categories?post=12573"},{"taxonomy":"post_tag","embeddable":true,"href":"http:\/\/www.luigiaccattoli.it\/blog\/wp-json\/wp\/v2\/tags?post=12573"}],"curies":[{"name":"wp","href":"https:\/\/api.w.org\/{rel}","templated":true}]}}