{"id":12608,"date":"2013-09-24T11:44:46","date_gmt":"2013-09-24T09:44:46","guid":{"rendered":"http:\/\/www.luigiaccattoli.it\/blog\/?p=12608"},"modified":"2013-09-26T22:14:06","modified_gmt":"2013-09-26T20:14:06","slug":"con-la-cappa-nera-del-postulante","status":"publish","type":"post","link":"http:\/\/www.luigiaccattoli.it\/blog\/con-la-cappa-nera-del-postulante\/","title":{"rendered":"Con la cappa nera del postulante"},"content":{"rendered":"<p>Ho cenato alle 18, sono andato a dormire alle 19,30 mettendo la sveglia alle 23. Alle 23,25 ho indossato la cappa nera dei postulanti e ho percorso vialetti, salito gradini, costeggiato celle per arrivare alla chiesa conventuale, <a href=\"http:\/\/www.luigiaccattoli.it\/blog\/wp-admin\/post.php?post=12601&#038;action=edit\">guidato dal padre bibliotecario che \u00e8 il mio tutor in questi giorni<\/a>. Al centro del coro dei monaci era inginocchiato il sacrista, immobile nel buio, con le due mani sulla corda della campana. Alle 23,30 ha suonato i rintocchi del Mattutino e abbiamo avviato i canti del &#8220;primo notturno&#8221;. Straordinario equilibrio della riforma liturgica certosina: ha introdotto la comunione sotto le due specie, la concelebrazione, le letture in italiano; ma ha conservato il latino della salmodia, quel loro recto tono simile al gregoriano, la messa solitaria di ogni monaco sacerdote. Chi ha detto che non vi pu\u00f2 essere osmosi e reciproco arricchimento tra vecchio e nuovo ordo? Il Rito certosino ora unisce la vitalit\u00e0 del nuovo alla solennit\u00e0 dell&#8217;antico. Potrebbe costituire un modello per lo scambio tra le due forme del Rito romano auspicato da Papa Benedetto.<\/p>\n","protected":false},"excerpt":{"rendered":"<p>Ho cenato alle 18, sono andato a dormire alle 19,30 mettendo la sveglia alle 23. Alle 23,25 ho indossato la cappa nera dei postulanti e ho percorso vialetti, salito gradini,&#8230;<\/p>\n<div class=\"more-link-wrapper\"><a class=\"more-link\" href=\"http:\/\/www.luigiaccattoli.it\/blog\/con-la-cappa-nera-del-postulante\/\">Read More<span class=\"screen-reader-text\">Con la cappa nera del postulante<\/span><\/a><\/div>\n","protected":false},"author":1,"featured_media":0,"comment_status":"open","ping_status":"closed","sticky":false,"template":"","format":"standard","meta":{"_monsterinsights_skip_tracking":false,"_monsterinsights_sitenote_active":false,"_monsterinsights_sitenote_note":"","_monsterinsights_sitenote_category":0,"footnotes":""},"categories":[1],"tags":[],"class_list":["post-12608","post","type-post","status-publish","format-standard","hentry","category-varie","excerpt"],"_links":{"self":[{"href":"http:\/\/www.luigiaccattoli.it\/blog\/wp-json\/wp\/v2\/posts\/12608","targetHints":{"allow":["GET"]}}],"collection":[{"href":"http:\/\/www.luigiaccattoli.it\/blog\/wp-json\/wp\/v2\/posts"}],"about":[{"href":"http:\/\/www.luigiaccattoli.it\/blog\/wp-json\/wp\/v2\/types\/post"}],"author":[{"embeddable":true,"href":"http:\/\/www.luigiaccattoli.it\/blog\/wp-json\/wp\/v2\/users\/1"}],"replies":[{"embeddable":true,"href":"http:\/\/www.luigiaccattoli.it\/blog\/wp-json\/wp\/v2\/comments?post=12608"}],"version-history":[{"count":6,"href":"http:\/\/www.luigiaccattoli.it\/blog\/wp-json\/wp\/v2\/posts\/12608\/revisions"}],"predecessor-version":[{"id":12619,"href":"http:\/\/www.luigiaccattoli.it\/blog\/wp-json\/wp\/v2\/posts\/12608\/revisions\/12619"}],"wp:attachment":[{"href":"http:\/\/www.luigiaccattoli.it\/blog\/wp-json\/wp\/v2\/media?parent=12608"}],"wp:term":[{"taxonomy":"category","embeddable":true,"href":"http:\/\/www.luigiaccattoli.it\/blog\/wp-json\/wp\/v2\/categories?post=12608"},{"taxonomy":"post_tag","embeddable":true,"href":"http:\/\/www.luigiaccattoli.it\/blog\/wp-json\/wp\/v2\/tags?post=12608"}],"curies":[{"name":"wp","href":"https:\/\/api.w.org\/{rel}","templated":true}]}}