{"id":12641,"date":"2013-10-01T19:17:36","date_gmt":"2013-10-01T17:17:36","guid":{"rendered":"http:\/\/www.luigiaccattoli.it\/blog\/?p=12641"},"modified":"2013-10-02T16:28:57","modified_gmt":"2013-10-02T14:28:57","slug":"quando-il-conclave-mi-elesse-papa","status":"publish","type":"post","link":"http:\/\/www.luigiaccattoli.it\/blog\/quando-il-conclave-mi-elesse-papa\/","title":{"rendered":"Quando il Conclave mi elesse Papa"},"content":{"rendered":"<p>&#8220;Il mistico riesce a spogliarsi del fare, dei fatti, degli obiettivi e perfino della pastoralit\u00e0 missionaria e s\u2019innalza fino a raggiungere la comunione con le Beatitudini. Brevi momenti che per\u00f2 riempiono l\u2019intera vita&#8221;. A Lei \u00e8 mai capitato? \u00abRaramente. Per esempio quando il Conclave mi elesse Papa. Prima dell\u2019accettazione chiesi di potermi ritirare per qualche minuto nella stanza accanto a quella con il balcone sulla piazza. La mia testa era completamente vuota e una grande ansia mi aveva invaso. Per farla passare e rilassarmi chiusi gli occhi e scomparve ogni pensiero, anche quello di rifiutarmi ad accettare la carica come del resto la procedura liturgica consente. Chiusi gli occhi e non ebbi pi\u00f9 alcuna ansia o emotivit\u00e0. Ad un certo punto una grande luce mi invase, dur\u00f2 un attimo ma a me sembr\u00f2 lunghissimo. Poi la luce si dissip\u00f2 io m\u2019alzai di scatto e mi diressi nella stanza dove mi attendevano i cardinali e il tavolo su cui era l\u2019atto di accettazione. Lo firmai\u00bb. &#8211; E&#8217; il brano dell&#8217;<a href=\"http:\/\/www.finesettimana.org\/pmwiki\/uploads\/Stampa201310\/131001papafrancescoscalfari.pdf\">intervista del Papa a Scalfari<\/a> che ho commentato per il &#8220;Corriere della Sera&#8221;. Ora propongo le sue parole, domani metter\u00f2 il link al mio testo. Stasera parlo a Bresso, Milano, in occasione della sagra della Madonna del Pilastrello. L&#8217;argomento sono i &#8220;fatti di Vangelo&#8221; raccolti lungo le strade e dietro le siepi.<\/p>\n<p>Aggiornamento al 2 ottobre. <a href=\"http:\/\/www.luigiaccattoli.it\/blog\/?page_id=12649\">Qui il mio commento all&#8217;intervista pubblicato oggi dal &#8220;Corriere della Sera&#8221;<\/a>.<\/p>\n","protected":false},"excerpt":{"rendered":"<p>&#8220;Il mistico riesce a spogliarsi del fare, dei fatti, degli obiettivi e perfino della pastoralit\u00e0 missionaria e s\u2019innalza fino a raggiungere la comunione con le Beatitudini. Brevi momenti che per\u00f2&#8230;<\/p>\n<div class=\"more-link-wrapper\"><a class=\"more-link\" href=\"http:\/\/www.luigiaccattoli.it\/blog\/quando-il-conclave-mi-elesse-papa\/\">Read More<span class=\"screen-reader-text\">Quando il Conclave mi elesse Papa<\/span><\/a><\/div>\n","protected":false},"author":1,"featured_media":0,"comment_status":"open","ping_status":"closed","sticky":false,"template":"","format":"standard","meta":{"_monsterinsights_skip_tracking":false,"_monsterinsights_sitenote_active":false,"_monsterinsights_sitenote_note":"","_monsterinsights_sitenote_category":0,"footnotes":""},"categories":[1],"tags":[],"class_list":["post-12641","post","type-post","status-publish","format-standard","hentry","category-varie","excerpt"],"_links":{"self":[{"href":"http:\/\/www.luigiaccattoli.it\/blog\/wp-json\/wp\/v2\/posts\/12641","targetHints":{"allow":["GET"]}}],"collection":[{"href":"http:\/\/www.luigiaccattoli.it\/blog\/wp-json\/wp\/v2\/posts"}],"about":[{"href":"http:\/\/www.luigiaccattoli.it\/blog\/wp-json\/wp\/v2\/types\/post"}],"author":[{"embeddable":true,"href":"http:\/\/www.luigiaccattoli.it\/blog\/wp-json\/wp\/v2\/users\/1"}],"replies":[{"embeddable":true,"href":"http:\/\/www.luigiaccattoli.it\/blog\/wp-json\/wp\/v2\/comments?post=12641"}],"version-history":[{"count":8,"href":"http:\/\/www.luigiaccattoli.it\/blog\/wp-json\/wp\/v2\/posts\/12641\/revisions"}],"predecessor-version":[{"id":12644,"href":"http:\/\/www.luigiaccattoli.it\/blog\/wp-json\/wp\/v2\/posts\/12641\/revisions\/12644"}],"wp:attachment":[{"href":"http:\/\/www.luigiaccattoli.it\/blog\/wp-json\/wp\/v2\/media?parent=12641"}],"wp:term":[{"taxonomy":"category","embeddable":true,"href":"http:\/\/www.luigiaccattoli.it\/blog\/wp-json\/wp\/v2\/categories?post=12641"},{"taxonomy":"post_tag","embeddable":true,"href":"http:\/\/www.luigiaccattoli.it\/blog\/wp-json\/wp\/v2\/tags?post=12641"}],"curies":[{"name":"wp","href":"https:\/\/api.w.org\/{rel}","templated":true}]}}