{"id":12696,"date":"2013-10-06T09:34:05","date_gmt":"2013-10-06T07:34:05","guid":{"rendered":"http:\/\/www.luigiaccattoli.it\/blog\/?p=12696"},"modified":"2013-10-06T20:06:56","modified_gmt":"2013-10-06T18:06:56","slug":"domani-parlo-di-francesco-alla-madonna-dei-monti","status":"publish","type":"post","link":"http:\/\/www.luigiaccattoli.it\/blog\/domani-parlo-di-francesco-alla-madonna-dei-monti\/","title":{"rendered":"Domani parlo di Francesco alla Madonna dei Monti"},"content":{"rendered":"<p>Questo \u00e8 un avviso per i visitatori romani: domani sera, alle 19,30, parlo di Papa Francesco alla Madonna dei Monti, che \u00e8 la mia parrocchia. Il tema \u00e8 &#8220;Papa Francesco eletto a mezzo secolo dal Concilio e da Medellin&#8221;. La Madonna dei Monti \u00e8 la bella chiesa barocca che si trova nel cuore del rione Monti e nella quale \u00e8 sepolto Benedetto Giuseppe Labre, il santo che si fece barbone. Nel primo commento pongo una domanda a chi passa di qua.<\/p>\n","protected":false},"excerpt":{"rendered":"<p>Questo \u00e8 un avviso per i visitatori romani: domani sera, alle 19,30, parlo di Papa Francesco alla Madonna dei Monti, che \u00e8 la mia parrocchia. Il tema \u00e8 &#8220;Papa Francesco&#8230;<\/p>\n<div class=\"more-link-wrapper\"><a class=\"more-link\" href=\"http:\/\/www.luigiaccattoli.it\/blog\/domani-parlo-di-francesco-alla-madonna-dei-monti\/\">Read More<span class=\"screen-reader-text\">Domani parlo di Francesco alla Madonna dei Monti<\/span><\/a><\/div>\n","protected":false},"author":1,"featured_media":0,"comment_status":"open","ping_status":"closed","sticky":false,"template":"","format":"standard","meta":{"_monsterinsights_skip_tracking":false,"_monsterinsights_sitenote_active":false,"_monsterinsights_sitenote_note":"","_monsterinsights_sitenote_category":0,"footnotes":""},"categories":[1],"tags":[],"class_list":["post-12696","post","type-post","status-publish","format-standard","hentry","category-varie","excerpt"],"_links":{"self":[{"href":"http:\/\/www.luigiaccattoli.it\/blog\/wp-json\/wp\/v2\/posts\/12696","targetHints":{"allow":["GET"]}}],"collection":[{"href":"http:\/\/www.luigiaccattoli.it\/blog\/wp-json\/wp\/v2\/posts"}],"about":[{"href":"http:\/\/www.luigiaccattoli.it\/blog\/wp-json\/wp\/v2\/types\/post"}],"author":[{"embeddable":true,"href":"http:\/\/www.luigiaccattoli.it\/blog\/wp-json\/wp\/v2\/users\/1"}],"replies":[{"embeddable":true,"href":"http:\/\/www.luigiaccattoli.it\/blog\/wp-json\/wp\/v2\/comments?post=12696"}],"version-history":[{"count":6,"href":"http:\/\/www.luigiaccattoli.it\/blog\/wp-json\/wp\/v2\/posts\/12696\/revisions"}],"predecessor-version":[{"id":12712,"href":"http:\/\/www.luigiaccattoli.it\/blog\/wp-json\/wp\/v2\/posts\/12696\/revisions\/12712"}],"wp:attachment":[{"href":"http:\/\/www.luigiaccattoli.it\/blog\/wp-json\/wp\/v2\/media?parent=12696"}],"wp:term":[{"taxonomy":"category","embeddable":true,"href":"http:\/\/www.luigiaccattoli.it\/blog\/wp-json\/wp\/v2\/categories?post=12696"},{"taxonomy":"post_tag","embeddable":true,"href":"http:\/\/www.luigiaccattoli.it\/blog\/wp-json\/wp\/v2\/tags?post=12696"}],"curies":[{"name":"wp","href":"https:\/\/api.w.org\/{rel}","templated":true}]}}