{"id":12888,"date":"2013-10-30T11:59:18","date_gmt":"2013-10-30T10:59:18","guid":{"rendered":"http:\/\/www.luigiaccattoli.it\/blog\/?p=12888"},"modified":"2013-10-30T12:06:51","modified_gmt":"2013-10-30T11:06:51","slug":"francesco-anchio-ho-avuto-dubbi-nel-cammino-della-fede","status":"publish","type":"post","link":"http:\/\/www.luigiaccattoli.it\/blog\/francesco-anchio-ho-avuto-dubbi-nel-cammino-della-fede\/","title":{"rendered":"Francesco: anch&#8217;io ho dubitato nel cammino della fede"},"content":{"rendered":"<p>&#8220;<em>Chi di noi non ha sperimentato insicurezze, smarrimenti e perfino dubbi nel cammino della fede? Tutti abbiamo sperimentato questo: anche io. E\u2019 parte del cammino della fede, \u00e8 parte della nostra vita. Tutto ci\u00f2 non deve stupirci, perch\u00e9 siamo esseri umani, segnati da fragilit\u00e0 e limiti. Tutti siamo fragili, tutti abbiamo limiti: non spaventatevi. Tuttavia in questi momenti difficoltosi \u00e8 necessario confidare nell\u2019aiuto di Dio, mediante la preghiera filiale e, al tempo stesso, \u00e8 importante trovare il coraggio e l\u2019umilt\u00e0 di aprirsi agli altri per chiedere aiuto: dammi una mano, ho questo problema<\/em>&#8220;. Cos\u00ec il Papa poco fa all&#8217;udienza generale. Giusto mercoled\u00ec 23 parlando dei carcerati si era chiesto: &#8220;Perch\u00e9 lui \u00e8 caduto e non sono caduto io?&#8221;: a quella forte domanda avevo brindato con un bicchiere di <a href=\"http:\/\/www.vinonuovo.it\/index.php?l=it&amp;art=1467\">Vino Nuovo<\/a>. La confessione di oggi sugli smarrimenti della vita ha lo stesso segno e in me provoca la stessa gratitudine.<\/p>\n","protected":false},"excerpt":{"rendered":"<p>&#8220;Chi di noi non ha sperimentato insicurezze, smarrimenti e perfino dubbi nel cammino della fede? Tutti abbiamo sperimentato questo: anche io. E\u2019 parte del cammino della fede, \u00e8 parte della&#8230;<\/p>\n<div class=\"more-link-wrapper\"><a class=\"more-link\" href=\"http:\/\/www.luigiaccattoli.it\/blog\/francesco-anchio-ho-avuto-dubbi-nel-cammino-della-fede\/\">Read More<span class=\"screen-reader-text\">Francesco: anch&#8217;io ho dubitato nel cammino della fede<\/span><\/a><\/div>\n","protected":false},"author":1,"featured_media":0,"comment_status":"open","ping_status":"closed","sticky":false,"template":"","format":"standard","meta":{"_monsterinsights_skip_tracking":false,"_monsterinsights_sitenote_active":false,"_monsterinsights_sitenote_note":"","_monsterinsights_sitenote_category":0,"footnotes":""},"categories":[1],"tags":[],"class_list":["post-12888","post","type-post","status-publish","format-standard","hentry","category-varie","excerpt"],"_links":{"self":[{"href":"http:\/\/www.luigiaccattoli.it\/blog\/wp-json\/wp\/v2\/posts\/12888","targetHints":{"allow":["GET"]}}],"collection":[{"href":"http:\/\/www.luigiaccattoli.it\/blog\/wp-json\/wp\/v2\/posts"}],"about":[{"href":"http:\/\/www.luigiaccattoli.it\/blog\/wp-json\/wp\/v2\/types\/post"}],"author":[{"embeddable":true,"href":"http:\/\/www.luigiaccattoli.it\/blog\/wp-json\/wp\/v2\/users\/1"}],"replies":[{"embeddable":true,"href":"http:\/\/www.luigiaccattoli.it\/blog\/wp-json\/wp\/v2\/comments?post=12888"}],"version-history":[{"count":8,"href":"http:\/\/www.luigiaccattoli.it\/blog\/wp-json\/wp\/v2\/posts\/12888\/revisions"}],"predecessor-version":[{"id":12896,"href":"http:\/\/www.luigiaccattoli.it\/blog\/wp-json\/wp\/v2\/posts\/12888\/revisions\/12896"}],"wp:attachment":[{"href":"http:\/\/www.luigiaccattoli.it\/blog\/wp-json\/wp\/v2\/media?parent=12888"}],"wp:term":[{"taxonomy":"category","embeddable":true,"href":"http:\/\/www.luigiaccattoli.it\/blog\/wp-json\/wp\/v2\/categories?post=12888"},{"taxonomy":"post_tag","embeddable":true,"href":"http:\/\/www.luigiaccattoli.it\/blog\/wp-json\/wp\/v2\/tags?post=12888"}],"curies":[{"name":"wp","href":"https:\/\/api.w.org\/{rel}","templated":true}]}}