{"id":12954,"date":"2013-11-13T15:20:46","date_gmt":"2013-11-13T14:20:46","guid":{"rendered":"http:\/\/www.luigiaccattoli.it\/blog\/?p=12954"},"modified":"2013-11-13T15:23:11","modified_gmt":"2013-11-13T14:23:11","slug":"francesco-commenta-e-poi-e-venuto-il-cardinal-carafa","status":"publish","type":"post","link":"http:\/\/www.luigiaccattoli.it\/blog\/francesco-commenta-e-poi-e-venuto-il-cardinal-carafa\/","title":{"rendered":"Francesco: &#8220;E poi \u00e8 venuto il cardinal Carafa&#8221;"},"content":{"rendered":"<p>&#8220;A microfono spento dico a Papa Francesco che molti suoi gesti mi ricordano Papa Marcello II (1501-1555), un Pontefice molto amato da Sant&#8217;Ignazio [&#8230;]. Gli leggo alcuni brani che dicono come subito dopo la sua elezione egli &#8216;proib\u00ec i segni di letizia soliti nel Castel Sant&#8217;Angelo e in altri luoghi, e quel denaro solito a spendersi in quelle feste ordin\u00f2 che si desse ai poveri e a opere pie&#8217;. E cos\u00ec anche che Papa Marcello amava &#8216;andare alla chiesa di San Pietro e alla cappella di palazzo sempre a piedi piuttosto che in sedia gestatoria&#8217;. Cerco di capire se si riconosce in questo parallelismo. &#8216;Il suo pontificato \u00e8 durato appena un mese&#8217; \u00e8 l&#8217;unico commento del Papa che sorride nel dirlo &#8216;e poi \u00e8 venuto il cardinal Carafa&#8217;. E&#8217; da notare che il cardinal Carafa, eletto col nome di Paolo IV, spesso \u00e8 ricordato come colui che ampli\u00f2 i poteri dell&#8217;Inquisizione e nel 1559 pubblic\u00f2 il primo &#8216;Indice&#8217; dei libri proibiti&#8221;: Antonio Spadaro, <em>Papa Francesco. La mia porta \u00e8 sempre aperta<\/em>, oggi in edicola con il <em>Corsera<\/em>, p. 21. <\/p>\n","protected":false},"excerpt":{"rendered":"<p>&#8220;A microfono spento dico a Papa Francesco che molti suoi gesti mi ricordano Papa Marcello II (1501-1555), un Pontefice molto amato da Sant&#8217;Ignazio [&#8230;]. Gli leggo alcuni brani che dicono&#8230;<\/p>\n<div class=\"more-link-wrapper\"><a class=\"more-link\" href=\"http:\/\/www.luigiaccattoli.it\/blog\/francesco-commenta-e-poi-e-venuto-il-cardinal-carafa\/\">Read More<span class=\"screen-reader-text\">Francesco: &#8220;E poi \u00e8 venuto il cardinal Carafa&#8221;<\/span><\/a><\/div>\n","protected":false},"author":1,"featured_media":0,"comment_status":"open","ping_status":"closed","sticky":false,"template":"","format":"standard","meta":{"_monsterinsights_skip_tracking":false,"_monsterinsights_sitenote_active":false,"_monsterinsights_sitenote_note":"","_monsterinsights_sitenote_category":0,"footnotes":""},"categories":[1],"tags":[],"class_list":["post-12954","post","type-post","status-publish","format-standard","hentry","category-varie","excerpt"],"_links":{"self":[{"href":"http:\/\/www.luigiaccattoli.it\/blog\/wp-json\/wp\/v2\/posts\/12954","targetHints":{"allow":["GET"]}}],"collection":[{"href":"http:\/\/www.luigiaccattoli.it\/blog\/wp-json\/wp\/v2\/posts"}],"about":[{"href":"http:\/\/www.luigiaccattoli.it\/blog\/wp-json\/wp\/v2\/types\/post"}],"author":[{"embeddable":true,"href":"http:\/\/www.luigiaccattoli.it\/blog\/wp-json\/wp\/v2\/users\/1"}],"replies":[{"embeddable":true,"href":"http:\/\/www.luigiaccattoli.it\/blog\/wp-json\/wp\/v2\/comments?post=12954"}],"version-history":[{"count":4,"href":"http:\/\/www.luigiaccattoli.it\/blog\/wp-json\/wp\/v2\/posts\/12954\/revisions"}],"predecessor-version":[{"id":12958,"href":"http:\/\/www.luigiaccattoli.it\/blog\/wp-json\/wp\/v2\/posts\/12954\/revisions\/12958"}],"wp:attachment":[{"href":"http:\/\/www.luigiaccattoli.it\/blog\/wp-json\/wp\/v2\/media?parent=12954"}],"wp:term":[{"taxonomy":"category","embeddable":true,"href":"http:\/\/www.luigiaccattoli.it\/blog\/wp-json\/wp\/v2\/categories?post=12954"},{"taxonomy":"post_tag","embeddable":true,"href":"http:\/\/www.luigiaccattoli.it\/blog\/wp-json\/wp\/v2\/tags?post=12954"}],"curies":[{"name":"wp","href":"https:\/\/api.w.org\/{rel}","templated":true}]}}