{"id":13242,"date":"2013-12-25T12:28:27","date_gmt":"2013-12-25T11:28:27","guid":{"rendered":"http:\/\/www.luigiaccattoli.it\/blog\/?p=13242"},"modified":"2013-12-25T12:30:55","modified_gmt":"2013-12-25T11:30:55","slug":"francesco-augura-a-tutti-di-sentire-che-dio-e-vicino","status":"publish","type":"post","link":"http:\/\/www.luigiaccattoli.it\/blog\/francesco-augura-a-tutti-di-sentire-che-dio-e-vicino\/","title":{"rendered":"Francesco augura a tutti di sentire che Dio \u00e8 vicino"},"content":{"rendered":"<p>&#8220;Auguro a tutti di sentire che Dio \u00e8 vicino&#8221;: faccio mio l&#8217;augurio del Papa alla Citt\u00e0 di Roma e al mondo (Urbi et Orbi) che ha appena pronunciato. Augura la pace e invita tutti a collaborare a essa: &#8220;La pace \u00e8 artigianale&#8221; e dunque c&#8217;\u00e8 lavoro per tutti. A partire dal proprio cuore che va educato al desiderio della pace: &#8220;Tutti uniti o con la preghiera o con il desiderio, tutti insieme&#8221;. Questo slancio verso tutti, facilitante l&#8217;accoglienza d&#8217;ognuno, \u00e8 l&#8217;animo di tutto il messaggio: cos\u00ec almeno mi \u00e8 parso all&#8217;ascolto. &#8220;Dio \u00e8 grande nell&#8217;amore&#8221; ha detto ancora: &#8220;Lasciamoci commuovere dalla bont\u00e0 di Dio&#8221;. E ancora: &#8220;Non abbiamo paura che il nostro cuore si commuova. Lasciamoci riscaldare dalla tenerezza di Dio&#8221;. Ha parlato anche delle &#8220;carezze di Dio&#8221; che ha invitato a cogliere nel Bambino di Betlemme e ha detto: &#8220;Abbiamo bisogno delle carezze di Dio&#8221;. Quando ci sar\u00e0 il testo completo metter\u00f2 questo passaggio: erano parole troppo vive perch\u00e9 io riuscissi ad appuntarle mentre le ascoltavo. <\/p>\n","protected":false},"excerpt":{"rendered":"<p>&#8220;Auguro a tutti di sentire che Dio \u00e8 vicino&#8221;: faccio mio l&#8217;augurio del Papa alla Citt\u00e0 di Roma e al mondo (Urbi et Orbi) che ha appena pronunciato. Augura la&#8230;<\/p>\n<div class=\"more-link-wrapper\"><a class=\"more-link\" href=\"http:\/\/www.luigiaccattoli.it\/blog\/francesco-augura-a-tutti-di-sentire-che-dio-e-vicino\/\">Read More<span class=\"screen-reader-text\">Francesco augura a tutti di sentire che Dio \u00e8 vicino<\/span><\/a><\/div>\n","protected":false},"author":1,"featured_media":0,"comment_status":"open","ping_status":"closed","sticky":false,"template":"","format":"standard","meta":{"_monsterinsights_skip_tracking":false,"_monsterinsights_sitenote_active":false,"_monsterinsights_sitenote_note":"","_monsterinsights_sitenote_category":0,"footnotes":""},"categories":[1],"tags":[],"class_list":["post-13242","post","type-post","status-publish","format-standard","hentry","category-varie","excerpt"],"_links":{"self":[{"href":"http:\/\/www.luigiaccattoli.it\/blog\/wp-json\/wp\/v2\/posts\/13242","targetHints":{"allow":["GET"]}}],"collection":[{"href":"http:\/\/www.luigiaccattoli.it\/blog\/wp-json\/wp\/v2\/posts"}],"about":[{"href":"http:\/\/www.luigiaccattoli.it\/blog\/wp-json\/wp\/v2\/types\/post"}],"author":[{"embeddable":true,"href":"http:\/\/www.luigiaccattoli.it\/blog\/wp-json\/wp\/v2\/users\/1"}],"replies":[{"embeddable":true,"href":"http:\/\/www.luigiaccattoli.it\/blog\/wp-json\/wp\/v2\/comments?post=13242"}],"version-history":[{"count":3,"href":"http:\/\/www.luigiaccattoli.it\/blog\/wp-json\/wp\/v2\/posts\/13242\/revisions"}],"predecessor-version":[{"id":13245,"href":"http:\/\/www.luigiaccattoli.it\/blog\/wp-json\/wp\/v2\/posts\/13242\/revisions\/13245"}],"wp:attachment":[{"href":"http:\/\/www.luigiaccattoli.it\/blog\/wp-json\/wp\/v2\/media?parent=13242"}],"wp:term":[{"taxonomy":"category","embeddable":true,"href":"http:\/\/www.luigiaccattoli.it\/blog\/wp-json\/wp\/v2\/categories?post=13242"},{"taxonomy":"post_tag","embeddable":true,"href":"http:\/\/www.luigiaccattoli.it\/blog\/wp-json\/wp\/v2\/tags?post=13242"}],"curies":[{"name":"wp","href":"https:\/\/api.w.org\/{rel}","templated":true}]}}