{"id":13964,"date":"2014-04-17T22:40:00","date_gmt":"2014-04-17T20:40:00","guid":{"rendered":"http:\/\/www.luigiaccattoli.it\/blog\/?p=13964"},"modified":"2014-04-17T22:43:57","modified_gmt":"2014-04-17T20:43:57","slug":"francesco-lava-i-piedi-ad-hamed-e-altri-11","status":"publish","type":"post","link":"http:\/\/www.luigiaccattoli.it\/blog\/francesco-lava-i-piedi-ad-hamed-e-altri-11\/","title":{"rendered":"Francesco lava i piedi ad Hamed e altri 11"},"content":{"rendered":"<p>\u201cI 12 a cui il Papa ha lavato i piedi sono persone con disabilit\u00e0, et\u00e0 e provenienza differenti. Con i suoi 16 anni il pi\u00f9 giovane di loro \u00e8 Osvaldinho, originario di Capo Verde, costretto su una sedie a rotelle dopo un tuffo in mare, la scorsa estate. I pi\u00f9 anziani Pietro e Angelica, 86 anni. Poi c\u2019\u00e8 Walter affetto da sindrome di down. E ancora Giordana, originaria dell\u2019Etiopia, affetta da tetra paresi spastica, Stefano e Daria con problemi di spasticit\u00e0 e paresi, e Orietta colpita da encefalite in tenera et\u00e0 cos\u00ec come Samuele segnato dalla poliomelite a tre anni e che al centro \u201cSanta Maria della Pace\u201d ha trovato non solo cure, ma anche formazione professionale, un lavoro e persino una sposa. E Marco, 19 anni, a cui nell\u2019ottobre scorso \u00e8 stata diagnostica una neoplasia cerebrale. Gianluca operato pi\u00f9 volte per meningiomi. E Hamed, 75 anni, musulmano, originario della Libia, che in seguito ad un incidente stradale ha riportato seri danni neurologici\u201d: <a href=\"http:\/\/www.news.va\/it\/news\/messa-in-coena-domini-il-papa-lava-i-piedi-a-12-di\">cos\u00ec la Radio Vaticana ha presentato i dodici del Papa<\/a>.<\/p>\n","protected":false},"excerpt":{"rendered":"<p>\u201cI 12 a cui il Papa ha lavato i piedi sono persone con disabilit\u00e0, et\u00e0 e provenienza differenti. Con i suoi 16 anni il pi\u00f9 giovane di loro \u00e8 Osvaldinho,&#8230;<\/p>\n<div class=\"more-link-wrapper\"><a class=\"more-link\" href=\"http:\/\/www.luigiaccattoli.it\/blog\/francesco-lava-i-piedi-ad-hamed-e-altri-11\/\">Read More<span class=\"screen-reader-text\">Francesco lava i piedi ad Hamed e altri 11<\/span><\/a><\/div>\n","protected":false},"author":1,"featured_media":0,"comment_status":"open","ping_status":"closed","sticky":false,"template":"","format":"standard","meta":{"_monsterinsights_skip_tracking":false,"_monsterinsights_sitenote_active":false,"_monsterinsights_sitenote_note":"","_monsterinsights_sitenote_category":0,"footnotes":""},"categories":[1],"tags":[],"class_list":["post-13964","post","type-post","status-publish","format-standard","hentry","category-varie","excerpt"],"_links":{"self":[{"href":"http:\/\/www.luigiaccattoli.it\/blog\/wp-json\/wp\/v2\/posts\/13964","targetHints":{"allow":["GET"]}}],"collection":[{"href":"http:\/\/www.luigiaccattoli.it\/blog\/wp-json\/wp\/v2\/posts"}],"about":[{"href":"http:\/\/www.luigiaccattoli.it\/blog\/wp-json\/wp\/v2\/types\/post"}],"author":[{"embeddable":true,"href":"http:\/\/www.luigiaccattoli.it\/blog\/wp-json\/wp\/v2\/users\/1"}],"replies":[{"embeddable":true,"href":"http:\/\/www.luigiaccattoli.it\/blog\/wp-json\/wp\/v2\/comments?post=13964"}],"version-history":[{"count":3,"href":"http:\/\/www.luigiaccattoli.it\/blog\/wp-json\/wp\/v2\/posts\/13964\/revisions"}],"predecessor-version":[{"id":13967,"href":"http:\/\/www.luigiaccattoli.it\/blog\/wp-json\/wp\/v2\/posts\/13964\/revisions\/13967"}],"wp:attachment":[{"href":"http:\/\/www.luigiaccattoli.it\/blog\/wp-json\/wp\/v2\/media?parent=13964"}],"wp:term":[{"taxonomy":"category","embeddable":true,"href":"http:\/\/www.luigiaccattoli.it\/blog\/wp-json\/wp\/v2\/categories?post=13964"},{"taxonomy":"post_tag","embeddable":true,"href":"http:\/\/www.luigiaccattoli.it\/blog\/wp-json\/wp\/v2\/tags?post=13964"}],"curies":[{"name":"wp","href":"https:\/\/api.w.org\/{rel}","templated":true}]}}