{"id":1434,"date":"2009-05-04T20:28:01","date_gmt":"2009-05-04T18:28:01","guid":{"rendered":"http:\/\/www.luigiaccattoli.it\/blog\/?p=1434"},"modified":"2013-10-04T19:25:25","modified_gmt":"2013-10-04T17:25:25","slug":"ratzinger-%e2%80%9cgesu-e-cattolico-non-si-puo-dire-cosi%e2%80%9d","status":"publish","type":"post","link":"http:\/\/www.luigiaccattoli.it\/blog\/ratzinger-%e2%80%9cgesu-e-cattolico-non-si-puo-dire-cosi%e2%80%9d\/","title":{"rendered":"Ratzinger: \u201cGes\u00f9 \u00e8 cattolico? Non si pu\u00f2 dire cos\u00ec\u201d"},"content":{"rendered":"<p>\u201cGes\u00f9 era cattolico?\u201d \u00e8 la domanda di Peter Seewald al cardinale Ratzinger nel volume <em>Dio e il mondo <\/em>(San Paolo 2001), a p. 20. E questa \u00e8 la risposta: \u201cNon lo si pu\u00f2 dire sicuramente cos\u00ec, perch\u00e9 Ges\u00f9 \u00e8 ben al di sopra di noi [\u2026] E\u2019 colui da cui la Chiesa cattolica sa di essere voluta, ma appunto per questo non \u00e8 semplicemente uno di noi\u201d.  Parole utili per ridimensionare la polemica \u2013 che \u00e8 risuonata a pi\u00f9 riprese anche in questo blog \u2013 sulle parole del cardinale Martini che si leggono a p. 20 del volume <em>Conversazioni notturne <\/em>(Mondadori 2008): \u201cNon puoi rendere Dio cattolico. Dio \u00e8 al di l\u00e0 dei limiti e delle definizioni che noi stabiliamo. Nella vita ne abbiamo bisogno, \u00e8 ovvio, ma non dobbiamo confonderli con Dio, il cui cuore \u00e8 sempre pi\u00f9 vasto. Egli non si lascia dominare o addomesticare\u201d.  (<em>Continua nel primo commento<\/em>) <\/p>\n","protected":false},"excerpt":{"rendered":"<p>\u201cGes\u00f9 era cattolico?\u201d \u00e8 la domanda di Peter Seewald al cardinale Ratzinger nel volume Dio e il mondo (San Paolo 2001), a p. 20. E questa \u00e8 la risposta: \u201cNon&#8230;<\/p>\n<div class=\"more-link-wrapper\"><a class=\"more-link\" href=\"http:\/\/www.luigiaccattoli.it\/blog\/ratzinger-%e2%80%9cgesu-e-cattolico-non-si-puo-dire-cosi%e2%80%9d\/\">Read More<span class=\"screen-reader-text\">Ratzinger: \u201cGes\u00f9 \u00e8 cattolico? Non si pu\u00f2 dire cos\u00ec\u201d<\/span><\/a><\/div>\n","protected":false},"author":1,"featured_media":0,"comment_status":"open","ping_status":"closed","sticky":false,"template":"","format":"standard","meta":{"_monsterinsights_skip_tracking":false,"_monsterinsights_sitenote_active":false,"_monsterinsights_sitenote_note":"","_monsterinsights_sitenote_category":0,"footnotes":""},"categories":[1],"tags":[],"class_list":["post-1434","post","type-post","status-publish","format-standard","hentry","category-varie","excerpt"],"_links":{"self":[{"href":"http:\/\/www.luigiaccattoli.it\/blog\/wp-json\/wp\/v2\/posts\/1434","targetHints":{"allow":["GET"]}}],"collection":[{"href":"http:\/\/www.luigiaccattoli.it\/blog\/wp-json\/wp\/v2\/posts"}],"about":[{"href":"http:\/\/www.luigiaccattoli.it\/blog\/wp-json\/wp\/v2\/types\/post"}],"author":[{"embeddable":true,"href":"http:\/\/www.luigiaccattoli.it\/blog\/wp-json\/wp\/v2\/users\/1"}],"replies":[{"embeddable":true,"href":"http:\/\/www.luigiaccattoli.it\/blog\/wp-json\/wp\/v2\/comments?post=1434"}],"version-history":[{"count":3,"href":"http:\/\/www.luigiaccattoli.it\/blog\/wp-json\/wp\/v2\/posts\/1434\/revisions"}],"predecessor-version":[{"id":12690,"href":"http:\/\/www.luigiaccattoli.it\/blog\/wp-json\/wp\/v2\/posts\/1434\/revisions\/12690"}],"wp:attachment":[{"href":"http:\/\/www.luigiaccattoli.it\/blog\/wp-json\/wp\/v2\/media?parent=1434"}],"wp:term":[{"taxonomy":"category","embeddable":true,"href":"http:\/\/www.luigiaccattoli.it\/blog\/wp-json\/wp\/v2\/categories?post=1434"},{"taxonomy":"post_tag","embeddable":true,"href":"http:\/\/www.luigiaccattoli.it\/blog\/wp-json\/wp\/v2\/tags?post=1434"}],"curies":[{"name":"wp","href":"https:\/\/api.w.org\/{rel}","templated":true}]}}