{"id":1444,"date":"2009-05-07T21:45:59","date_gmt":"2009-05-07T19:45:59","guid":{"rendered":"http:\/\/www.luigiaccattoli.it\/blog\/?p=1444"},"modified":"2009-05-07T21:48:59","modified_gmt":"2009-05-07T19:48:59","slug":"con-benedetto-da-qui-al-muro-del-pianto","status":"publish","type":"post","link":"http:\/\/www.luigiaccattoli.it\/blog\/con-benedetto-da-qui-al-muro-del-pianto\/","title":{"rendered":"Con Benedetto da qui al Muro del Pianto"},"content":{"rendered":"<p>Tra poche ore papa Benedetto parte per la Terra Santa e marted\u00ec 12 in mattinata andr\u00e0 a pregare con un Salmo davanti al Muro del Pianto, come gi\u00e0 papa Wojtyla il 26 marzo dell&#8217;anno 2000. Come il predecessore, si far\u00e0 ebreo con gli ebrei lasciando in una fessura del Muro una sua invocazione al Dio di Abramo, di Isacco e di Giacobbe, che \u00e8 anche il Dio di Ges\u00f9 Cristo. Nel foglietto del papa polacco era scritta la preghiera penitenziale che egli stesso aveva pronunciato in San Pietro, due domeniche prima, con riferimento al millenario maltrattamento degli ebrei da parte dei cristiani. Non sappiamo che cosa conterr\u00e0 il foglietto di papa Raztinger. In attesa di conoscere la sua intenzione io mi porto idealmente davanti a quel muro &#8211; come gi\u00e0 ebbi a fare in due circostanze, anch&#8217;io deponendo un foglietto &#8211; e metto l\u00ec la mia domanda perch\u00e8 tutti i figli di Abramo, compreso il ramo di Ismaele, trovino la forza di riconoscersi fratelli.<\/p>\n","protected":false},"excerpt":{"rendered":"<p>Tra poche ore papa Benedetto parte per la Terra Santa e marted\u00ec 12 in mattinata andr\u00e0 a pregare con un Salmo davanti al Muro del Pianto, come gi\u00e0 papa Wojtyla&#8230;<\/p>\n<div class=\"more-link-wrapper\"><a class=\"more-link\" href=\"http:\/\/www.luigiaccattoli.it\/blog\/con-benedetto-da-qui-al-muro-del-pianto\/\">Read More<span class=\"screen-reader-text\">Con Benedetto da qui al Muro del Pianto<\/span><\/a><\/div>\n","protected":false},"author":1,"featured_media":0,"comment_status":"open","ping_status":"closed","sticky":false,"template":"","format":"standard","meta":{"_monsterinsights_skip_tracking":false,"_monsterinsights_sitenote_active":false,"_monsterinsights_sitenote_note":"","_monsterinsights_sitenote_category":0,"footnotes":""},"categories":[1],"tags":[],"class_list":["post-1444","post","type-post","status-publish","format-standard","hentry","category-varie","excerpt"],"_links":{"self":[{"href":"http:\/\/www.luigiaccattoli.it\/blog\/wp-json\/wp\/v2\/posts\/1444","targetHints":{"allow":["GET"]}}],"collection":[{"href":"http:\/\/www.luigiaccattoli.it\/blog\/wp-json\/wp\/v2\/posts"}],"about":[{"href":"http:\/\/www.luigiaccattoli.it\/blog\/wp-json\/wp\/v2\/types\/post"}],"author":[{"embeddable":true,"href":"http:\/\/www.luigiaccattoli.it\/blog\/wp-json\/wp\/v2\/users\/1"}],"replies":[{"embeddable":true,"href":"http:\/\/www.luigiaccattoli.it\/blog\/wp-json\/wp\/v2\/comments?post=1444"}],"version-history":[{"count":3,"href":"http:\/\/www.luigiaccattoli.it\/blog\/wp-json\/wp\/v2\/posts\/1444\/revisions"}],"predecessor-version":[{"id":1446,"href":"http:\/\/www.luigiaccattoli.it\/blog\/wp-json\/wp\/v2\/posts\/1444\/revisions\/1446"}],"wp:attachment":[{"href":"http:\/\/www.luigiaccattoli.it\/blog\/wp-json\/wp\/v2\/media?parent=1444"}],"wp:term":[{"taxonomy":"category","embeddable":true,"href":"http:\/\/www.luigiaccattoli.it\/blog\/wp-json\/wp\/v2\/categories?post=1444"},{"taxonomy":"post_tag","embeddable":true,"href":"http:\/\/www.luigiaccattoli.it\/blog\/wp-json\/wp\/v2\/tags?post=1444"}],"curies":[{"name":"wp","href":"https:\/\/api.w.org\/{rel}","templated":true}]}}