{"id":14522,"date":"2014-07-19T09:45:54","date_gmt":"2014-07-19T07:45:54","guid":{"rendered":"http:\/\/www.luigiaccattoli.it\/blog\/?p=14522"},"modified":"2014-07-19T09:55:38","modified_gmt":"2014-07-19T07:55:38","slug":"a-carlo-chenis-che-e-passato-tra-noi-come-il-vento","status":"publish","type":"post","link":"http:\/\/www.luigiaccattoli.it\/blog\/a-carlo-chenis-che-e-passato-tra-noi-come-il-vento\/","title":{"rendered":"A Carlo Chenis che \u00e8 passato tra noi come il vento"},"content":{"rendered":"<p>\u00abCome la tramontana \/venne dal Nord \/ tir\u00f2 forte \/ poi cess\u00f2 in un baleno \/ e con la morte and\u00f2 via \/ lasciando il sereno\u00bb: parole in memoria del vescovo Carlo Chenis (torinese, 1954-2010), poste a epigrafe di una sua statua sulla piazza della cattedrale di Civitavecchia. Mor\u00ec di tumore a 55 anni dopo soli tre di presenza in citt\u00e0, pianto da tutti. Ha in mano il pastorale, guarda verso il porto. L&#8217;epigrafe \u00e8 firmata da A. Degli Effetti e ha il titolo &#8220;Il vescovo Carlo&#8221;. Ho trovato sapienti quelle parole, che ho scoperto nei giorni scorsi e trascritto su un foglietto. Mi pare appropriato che il passaggio di un buon vescovo sia ricordato come quello di un vento forte e rasserenante. Nel primo commento un mio ragguaglio su Chenis.<\/p>\n","protected":false},"excerpt":{"rendered":"<p>\u00abCome la tramontana \/venne dal Nord \/ tir\u00f2 forte \/ poi cess\u00f2 in un baleno \/ e con la morte and\u00f2 via \/ lasciando il sereno\u00bb: parole in memoria del&#8230;<\/p>\n<div class=\"more-link-wrapper\"><a class=\"more-link\" href=\"http:\/\/www.luigiaccattoli.it\/blog\/a-carlo-chenis-che-e-passato-tra-noi-come-il-vento\/\">Read More<span class=\"screen-reader-text\">A Carlo Chenis che \u00e8 passato tra noi come il vento<\/span><\/a><\/div>\n","protected":false},"author":1,"featured_media":0,"comment_status":"open","ping_status":"closed","sticky":false,"template":"","format":"standard","meta":{"_monsterinsights_skip_tracking":false,"_monsterinsights_sitenote_active":false,"_monsterinsights_sitenote_note":"","_monsterinsights_sitenote_category":0,"footnotes":""},"categories":[1],"tags":[],"class_list":["post-14522","post","type-post","status-publish","format-standard","hentry","category-varie","excerpt"],"_links":{"self":[{"href":"http:\/\/www.luigiaccattoli.it\/blog\/wp-json\/wp\/v2\/posts\/14522","targetHints":{"allow":["GET"]}}],"collection":[{"href":"http:\/\/www.luigiaccattoli.it\/blog\/wp-json\/wp\/v2\/posts"}],"about":[{"href":"http:\/\/www.luigiaccattoli.it\/blog\/wp-json\/wp\/v2\/types\/post"}],"author":[{"embeddable":true,"href":"http:\/\/www.luigiaccattoli.it\/blog\/wp-json\/wp\/v2\/users\/1"}],"replies":[{"embeddable":true,"href":"http:\/\/www.luigiaccattoli.it\/blog\/wp-json\/wp\/v2\/comments?post=14522"}],"version-history":[{"count":3,"href":"http:\/\/www.luigiaccattoli.it\/blog\/wp-json\/wp\/v2\/posts\/14522\/revisions"}],"predecessor-version":[{"id":14525,"href":"http:\/\/www.luigiaccattoli.it\/blog\/wp-json\/wp\/v2\/posts\/14522\/revisions\/14525"}],"wp:attachment":[{"href":"http:\/\/www.luigiaccattoli.it\/blog\/wp-json\/wp\/v2\/media?parent=14522"}],"wp:term":[{"taxonomy":"category","embeddable":true,"href":"http:\/\/www.luigiaccattoli.it\/blog\/wp-json\/wp\/v2\/categories?post=14522"},{"taxonomy":"post_tag","embeddable":true,"href":"http:\/\/www.luigiaccattoli.it\/blog\/wp-json\/wp\/v2\/tags?post=14522"}],"curies":[{"name":"wp","href":"https:\/\/api.w.org\/{rel}","templated":true}]}}