{"id":1457,"date":"2009-05-11T19:44:09","date_gmt":"2009-05-11T17:44:09","guid":{"rendered":"http:\/\/www.luigiaccattoli.it\/blog\/?p=1457"},"modified":"2009-05-11T19:46:49","modified_gmt":"2009-05-11T17:46:49","slug":"benedetto-ci-ha-portato-tutti-a-yad-vashem","status":"publish","type":"post","link":"http:\/\/www.luigiaccattoli.it\/blog\/benedetto-ci-ha-portato-tutti-a-yad-vashem\/","title":{"rendered":"Benedetto ci ha portato tutti a Yad Vashem"},"content":{"rendered":"<p><em>\u201cIo conceder\u00f2 nella mia casa e dentro le mie mura un monumento e un nome\u2026 dar\u00f2 loro un nome eterno che non sar\u00e0 mai cancellato\u201d (Is 56,5). Questo passo tratto dal Libro del profeta Isaia offre le due semplici parole che esprimono in modo solenne il significato profondo di questo luogo venerato: yad \u2013 \u201cmemoriale\u201d; shem \u2013 \u201cnome\u201d. Sono giunto qui per soffermarmi in silenzio davanti a questo monumento, eretto per onorare la memoria dei milioni di ebrei uccisi nell\u2019orrenda tragedia della Shoah. Essi persero la propria vita, ma non perderanno mai i loro nomi: questi sono stabilmente incisi nei cuori dei loro cari, dei loro compagni di prigionia, e di quanti sono decisi a non permettere mai pi\u00f9 che un simile orrore possa disonorare ancora l\u2019umanit\u00e0. I loro nomi, in particolare e soprattutto, sono incisi in modo indelebile nella memoria di Dio Onnipotente<\/em>.<br \/>\nCos\u00ec ha parlato Papa Benedetto a Yad Vashem oggi pomeriggio: \u00e8 gran cosa che esista un cristiano che possa parlare a nome di tutti. Domani pregher\u00e0 davanti al Muro Occidentale e nessuno di noi mancher\u00e0. Dopodomani visiteremo con lui un  campo di profughi palestinesi. E come era bello essere con lui sabato sul Monte Nebo, quando ci ha invitati a invocare il Padre &#8220;perch\u00e8 affretti la venuta del suo Regno&#8221;: davvero un&#8217;invocazione che conviene a tutti.<\/p>\n","protected":false},"excerpt":{"rendered":"<p>\u201cIo conceder\u00f2 nella mia casa e dentro le mie mura un monumento e un nome\u2026 dar\u00f2 loro un nome eterno che non sar\u00e0 mai cancellato\u201d (Is 56,5). Questo passo tratto&#8230;<\/p>\n<div class=\"more-link-wrapper\"><a class=\"more-link\" href=\"http:\/\/www.luigiaccattoli.it\/blog\/benedetto-ci-ha-portato-tutti-a-yad-vashem\/\">Read More<span class=\"screen-reader-text\">Benedetto ci ha portato tutti a Yad Vashem<\/span><\/a><\/div>\n","protected":false},"author":1,"featured_media":0,"comment_status":"open","ping_status":"closed","sticky":false,"template":"","format":"standard","meta":{"_monsterinsights_skip_tracking":false,"_monsterinsights_sitenote_active":false,"_monsterinsights_sitenote_note":"","_monsterinsights_sitenote_category":0,"footnotes":""},"categories":[1],"tags":[],"class_list":["post-1457","post","type-post","status-publish","format-standard","hentry","category-varie","excerpt"],"_links":{"self":[{"href":"http:\/\/www.luigiaccattoli.it\/blog\/wp-json\/wp\/v2\/posts\/1457","targetHints":{"allow":["GET"]}}],"collection":[{"href":"http:\/\/www.luigiaccattoli.it\/blog\/wp-json\/wp\/v2\/posts"}],"about":[{"href":"http:\/\/www.luigiaccattoli.it\/blog\/wp-json\/wp\/v2\/types\/post"}],"author":[{"embeddable":true,"href":"http:\/\/www.luigiaccattoli.it\/blog\/wp-json\/wp\/v2\/users\/1"}],"replies":[{"embeddable":true,"href":"http:\/\/www.luigiaccattoli.it\/blog\/wp-json\/wp\/v2\/comments?post=1457"}],"version-history":[{"count":3,"href":"http:\/\/www.luigiaccattoli.it\/blog\/wp-json\/wp\/v2\/posts\/1457\/revisions"}],"predecessor-version":[{"id":1460,"href":"http:\/\/www.luigiaccattoli.it\/blog\/wp-json\/wp\/v2\/posts\/1457\/revisions\/1460"}],"wp:attachment":[{"href":"http:\/\/www.luigiaccattoli.it\/blog\/wp-json\/wp\/v2\/media?parent=1457"}],"wp:term":[{"taxonomy":"category","embeddable":true,"href":"http:\/\/www.luigiaccattoli.it\/blog\/wp-json\/wp\/v2\/categories?post=1457"},{"taxonomy":"post_tag","embeddable":true,"href":"http:\/\/www.luigiaccattoli.it\/blog\/wp-json\/wp\/v2\/tags?post=1457"}],"curies":[{"name":"wp","href":"https:\/\/api.w.org\/{rel}","templated":true}]}}