{"id":14594,"date":"2014-08-03T13:16:16","date_gmt":"2014-08-03T11:16:16","guid":{"rendered":"http:\/\/www.luigiaccattoli.it\/blog\/?p=14594"},"modified":"2014-08-03T13:18:11","modified_gmt":"2014-08-03T11:18:11","slug":"francesco-su-compassione-condivisione-eucaristia","status":"publish","type":"post","link":"http:\/\/www.luigiaccattoli.it\/blog\/francesco-su-compassione-condivisione-eucaristia\/","title":{"rendered":"Francesco su compassione condivisione Eucaristia"},"content":{"rendered":"<p>&#8220;Compassione, condivisione, Eucaristia: questo \u00e8 il cammino che Ges\u00f9 ci indica nel Vangelo di oggi. Un cammino che ci porta ad affrontare con fraternit\u00e0 i bisogni di questo mondo, ma che ci conduce oltre questo mondo, perch\u00e9 parte da Dio Padre e ritorna a Lui&#8221;: <a href=\"http:\/\/press.vatican.va\/content\/salastampa\/it\/bollettino\/pubblico\/2014\/08\/03\/0550\/01212.html\">cos\u00ec ha parlato Francesco ora ora all&#8217;Angelus<\/a>. &#8220;Il prodigio dei pani &#8211; ha detto ancora &#8211; preannuncia l\u2019Eucaristia. Lo si vede nel gesto di Ges\u00f9 che \u00abrecit\u00f2 la benedizione\u00bb prima di spezzare i pani e distribuirli. E\u2019 lo stesso gesto che Ges\u00f9 far\u00e0 nell\u2019Ultima Cena, quando istituir\u00e0 il memoriale perpetuo del suo Sacrificio redentore. Nell\u2019Eucaristia Ges\u00f9 non dona un pane, ma il pane di vita eterna, dona S\u00e9 stesso, offrendosi al Padre per amore nostro. Ma noi dobbiamo andare all\u2019Eucaristia con quei sentimenti di Ges\u00f9, cio\u00e8 la compassione e quella volont\u00e0 di condividere. Chi va all\u2019Eucaristia senza avere compassione dei bisognosi e senza condividere, non si trova bene con Ges\u00f9&#8221;. <\/p>\n","protected":false},"excerpt":{"rendered":"<p>&#8220;Compassione, condivisione, Eucaristia: questo \u00e8 il cammino che Ges\u00f9 ci indica nel Vangelo di oggi. Un cammino che ci porta ad affrontare con fraternit\u00e0 i bisogni di questo mondo, ma&#8230;<\/p>\n<div class=\"more-link-wrapper\"><a class=\"more-link\" href=\"http:\/\/www.luigiaccattoli.it\/blog\/francesco-su-compassione-condivisione-eucaristia\/\">Read More<span class=\"screen-reader-text\">Francesco su compassione condivisione Eucaristia<\/span><\/a><\/div>\n","protected":false},"author":1,"featured_media":0,"comment_status":"open","ping_status":"closed","sticky":false,"template":"","format":"standard","meta":{"_monsterinsights_skip_tracking":false,"_monsterinsights_sitenote_active":false,"_monsterinsights_sitenote_note":"","_monsterinsights_sitenote_category":0,"footnotes":""},"categories":[1],"tags":[],"class_list":["post-14594","post","type-post","status-publish","format-standard","hentry","category-varie","excerpt"],"_links":{"self":[{"href":"http:\/\/www.luigiaccattoli.it\/blog\/wp-json\/wp\/v2\/posts\/14594","targetHints":{"allow":["GET"]}}],"collection":[{"href":"http:\/\/www.luigiaccattoli.it\/blog\/wp-json\/wp\/v2\/posts"}],"about":[{"href":"http:\/\/www.luigiaccattoli.it\/blog\/wp-json\/wp\/v2\/types\/post"}],"author":[{"embeddable":true,"href":"http:\/\/www.luigiaccattoli.it\/blog\/wp-json\/wp\/v2\/users\/1"}],"replies":[{"embeddable":true,"href":"http:\/\/www.luigiaccattoli.it\/blog\/wp-json\/wp\/v2\/comments?post=14594"}],"version-history":[{"count":3,"href":"http:\/\/www.luigiaccattoli.it\/blog\/wp-json\/wp\/v2\/posts\/14594\/revisions"}],"predecessor-version":[{"id":14597,"href":"http:\/\/www.luigiaccattoli.it\/blog\/wp-json\/wp\/v2\/posts\/14594\/revisions\/14597"}],"wp:attachment":[{"href":"http:\/\/www.luigiaccattoli.it\/blog\/wp-json\/wp\/v2\/media?parent=14594"}],"wp:term":[{"taxonomy":"category","embeddable":true,"href":"http:\/\/www.luigiaccattoli.it\/blog\/wp-json\/wp\/v2\/categories?post=14594"},{"taxonomy":"post_tag","embeddable":true,"href":"http:\/\/www.luigiaccattoli.it\/blog\/wp-json\/wp\/v2\/tags?post=14594"}],"curies":[{"name":"wp","href":"https:\/\/api.w.org\/{rel}","templated":true}]}}