{"id":1466,"date":"2009-05-13T19:33:13","date_gmt":"2009-05-13T17:33:13","guid":{"rendered":"http:\/\/www.luigiaccattoli.it\/blog\/?p=1466"},"modified":"2009-05-13T22:02:06","modified_gmt":"2009-05-13T20:02:06","slug":"una-patria-ai-palestinesi-bravo-benedetto","status":"publish","type":"post","link":"http:\/\/www.luigiaccattoli.it\/blog\/una-patria-ai-palestinesi-bravo-benedetto\/","title":{"rendered":"Una patria ai palestinesi: bravo Benedetto!"},"content":{"rendered":"<p>Cos\u00ec ha parlato stamane il papa a Betlemme, pronunciando le parole umanamente pi\u00f9 urgenti tra quante ne ha donate ai suoi ospiti fino a oggi in questo viaggio: \u201c<em>I Palestinesi, cos\u00ec come ogni altro popolo, hanno un naturale diritto a sposarsi, a formarsi una famiglia e avere accesso al lavoro, all\u2019educazione e all\u2019assistenza sanitaria<\/em>\u201d. E invece no, questi impresentabili tra i poveri del mondo non hanno nessun diritto e le circostanze sono tali e i loro politici cos\u00ec ciechi che nessuno \u2013 si direbbe  \u2013 pu\u00f2 pi\u00f9 sposare la loro causa nel mondo. Pare che solo il papa possa andare laggi\u00f9 e parlare a loro nome: \u201c<em>Signor Presidente, la Santa Sede appoggia il diritto del suo popolo ad una sovrana patria palestinese nella terra dei vostri antenati, sicura e in pace con i suoi vicini, entro confini internazionalmente riconosciuti. Anche se al presente questo obiettivo sembra lontano dall\u2019essere realizzato, io incoraggio lei e tutto il suo popolo a tenere viva la fiamma della speranza<\/em>\u201d. (<em>Segue nel primo commento<\/em>)<\/p>\n","protected":false},"excerpt":{"rendered":"<p>Cos\u00ec ha parlato stamane il papa a Betlemme, pronunciando le parole umanamente pi\u00f9 urgenti tra quante ne ha donate ai suoi ospiti fino a oggi in questo viaggio: \u201cI Palestinesi,&#8230;<\/p>\n<div class=\"more-link-wrapper\"><a class=\"more-link\" href=\"http:\/\/www.luigiaccattoli.it\/blog\/una-patria-ai-palestinesi-bravo-benedetto\/\">Read More<span class=\"screen-reader-text\">Una patria ai palestinesi: bravo Benedetto!<\/span><\/a><\/div>\n","protected":false},"author":1,"featured_media":0,"comment_status":"open","ping_status":"closed","sticky":false,"template":"","format":"standard","meta":{"_monsterinsights_skip_tracking":false,"_monsterinsights_sitenote_active":false,"_monsterinsights_sitenote_note":"","_monsterinsights_sitenote_category":0,"footnotes":""},"categories":[1],"tags":[],"class_list":["post-1466","post","type-post","status-publish","format-standard","hentry","category-varie","excerpt"],"_links":{"self":[{"href":"http:\/\/www.luigiaccattoli.it\/blog\/wp-json\/wp\/v2\/posts\/1466","targetHints":{"allow":["GET"]}}],"collection":[{"href":"http:\/\/www.luigiaccattoli.it\/blog\/wp-json\/wp\/v2\/posts"}],"about":[{"href":"http:\/\/www.luigiaccattoli.it\/blog\/wp-json\/wp\/v2\/types\/post"}],"author":[{"embeddable":true,"href":"http:\/\/www.luigiaccattoli.it\/blog\/wp-json\/wp\/v2\/users\/1"}],"replies":[{"embeddable":true,"href":"http:\/\/www.luigiaccattoli.it\/blog\/wp-json\/wp\/v2\/comments?post=1466"}],"version-history":[{"count":3,"href":"http:\/\/www.luigiaccattoli.it\/blog\/wp-json\/wp\/v2\/posts\/1466\/revisions"}],"predecessor-version":[{"id":1468,"href":"http:\/\/www.luigiaccattoli.it\/blog\/wp-json\/wp\/v2\/posts\/1466\/revisions\/1468"}],"wp:attachment":[{"href":"http:\/\/www.luigiaccattoli.it\/blog\/wp-json\/wp\/v2\/media?parent=1466"}],"wp:term":[{"taxonomy":"category","embeddable":true,"href":"http:\/\/www.luigiaccattoli.it\/blog\/wp-json\/wp\/v2\/categories?post=1466"},{"taxonomy":"post_tag","embeddable":true,"href":"http:\/\/www.luigiaccattoli.it\/blog\/wp-json\/wp\/v2\/tags?post=1466"}],"curies":[{"name":"wp","href":"https:\/\/api.w.org\/{rel}","templated":true}]}}