{"id":14675,"date":"2014-08-17T21:21:19","date_gmt":"2014-08-17T19:21:19","guid":{"rendered":"http:\/\/www.luigiaccattoli.it\/blog\/?p=14675"},"modified":"2014-08-19T17:52:06","modified_gmt":"2014-08-19T15:52:06","slug":"francesco-dice-no-allabbaglio-del-relativismo","status":"publish","type":"post","link":"http:\/\/www.luigiaccattoli.it\/blog\/francesco-dice-no-allabbaglio-del-relativismo\/","title":{"rendered":"Francesco dice no all\u2019abbaglio del relativismo"},"content":{"rendered":"<p>\u201cDal momento che siamo peccatori, saremo sempre tentati dallo spirito del mondo, che si manifesta in modi diversi e il primo di essi \u00e8 l\u2019abbaglio ingannevole del relativismo, che oscura lo splendore della verit\u00e0 e, scuotendo la terra sotto i nostri piedi, ci spinge verso le sabbie mobili della confusione e della disperazione. \u00c8 una tentazione che nel mondo di oggi colpisce anche le comunit\u00e0 cristiane, portando la gente a dimenticare che \u00abal di l\u00e0 di tutto ci\u00f2 che muta stanno realt\u00e0 immutabili; esse trovano il loro ultimo fondamento in Cristo, che \u00e8 sempre lo stesso: ieri, oggi e nei secoli\u00bb (Gaudium et spes, 10; cfr Eb 13,8). Non parlo qui del relativismo inteso solamente come un sistema di pensiero, ma di quel relativismo pratico quotidiano che, in maniera quasi impercettibile, indebolisce qualsiasi identit\u00e0&#8221;: <a href=\"http:\/\/press.vatican.va\/content\/salastampa\/it\/bollettino\/pubblico\/2014\/08\/17\/0580\/01277.html\">cos\u00ec ha parlato ieri Francesco ai vescovi dell&#8217;Asia<\/a>. Nei primi commenti altre parole del Papa in Corea.<\/p>\n<p><strong>Aggiornamento al 18 agosto<\/strong>. Per una mia lettura delle parole del Papa sul modo di presentare il cristianesimo all&#8217;Asia, <a href=\"http:\/\/www.luigiaccattoli.it\/blog\/articoli-del-corriere-della-sera\/francesco-detta-cinque-regole-ai-cattolici-dellasia\/\">vedi qui<\/a>.<\/p>\n","protected":false},"excerpt":{"rendered":"<p>\u201cDal momento che siamo peccatori, saremo sempre tentati dallo spirito del mondo, che si manifesta in modi diversi e il primo di essi \u00e8 l\u2019abbaglio ingannevole del relativismo, che oscura&#8230;<\/p>\n<div class=\"more-link-wrapper\"><a class=\"more-link\" href=\"http:\/\/www.luigiaccattoli.it\/blog\/francesco-dice-no-allabbaglio-del-relativismo\/\">Read More<span class=\"screen-reader-text\">Francesco dice no all\u2019abbaglio del relativismo<\/span><\/a><\/div>\n","protected":false},"author":1,"featured_media":0,"comment_status":"open","ping_status":"closed","sticky":false,"template":"","format":"standard","meta":{"_monsterinsights_skip_tracking":false,"_monsterinsights_sitenote_active":false,"_monsterinsights_sitenote_note":"","_monsterinsights_sitenote_category":0,"footnotes":""},"categories":[1],"tags":[],"class_list":["post-14675","post","type-post","status-publish","format-standard","hentry","category-varie","excerpt"],"_links":{"self":[{"href":"http:\/\/www.luigiaccattoli.it\/blog\/wp-json\/wp\/v2\/posts\/14675","targetHints":{"allow":["GET"]}}],"collection":[{"href":"http:\/\/www.luigiaccattoli.it\/blog\/wp-json\/wp\/v2\/posts"}],"about":[{"href":"http:\/\/www.luigiaccattoli.it\/blog\/wp-json\/wp\/v2\/types\/post"}],"author":[{"embeddable":true,"href":"http:\/\/www.luigiaccattoli.it\/blog\/wp-json\/wp\/v2\/users\/1"}],"replies":[{"embeddable":true,"href":"http:\/\/www.luigiaccattoli.it\/blog\/wp-json\/wp\/v2\/comments?post=14675"}],"version-history":[{"count":8,"href":"http:\/\/www.luigiaccattoli.it\/blog\/wp-json\/wp\/v2\/posts\/14675\/revisions"}],"predecessor-version":[{"id":14697,"href":"http:\/\/www.luigiaccattoli.it\/blog\/wp-json\/wp\/v2\/posts\/14675\/revisions\/14697"}],"wp:attachment":[{"href":"http:\/\/www.luigiaccattoli.it\/blog\/wp-json\/wp\/v2\/media?parent=14675"}],"wp:term":[{"taxonomy":"category","embeddable":true,"href":"http:\/\/www.luigiaccattoli.it\/blog\/wp-json\/wp\/v2\/categories?post=14675"},{"taxonomy":"post_tag","embeddable":true,"href":"http:\/\/www.luigiaccattoli.it\/blog\/wp-json\/wp\/v2\/tags?post=14675"}],"curies":[{"name":"wp","href":"https:\/\/api.w.org\/{rel}","templated":true}]}}