{"id":14742,"date":"2014-08-27T21:31:50","date_gmt":"2014-08-27T19:31:50","guid":{"rendered":"http:\/\/www.luigiaccattoli.it\/blog\/?p=14742"},"modified":"2014-08-27T21:33:32","modified_gmt":"2014-08-27T19:33:32","slug":"la-mamma-di-bhatti-invita-il-papa-in-pakistan","status":"publish","type":"post","link":"http:\/\/www.luigiaccattoli.it\/blog\/la-mamma-di-bhatti-invita-il-papa-in-pakistan\/","title":{"rendered":"La mamma di Bhatti invita il Papa in Pakistan"},"content":{"rendered":"<p>&#8220;Ho detto al Santo Padre che mia madre prega per lui e che lo invita in Pakistan, nonostante la situazione dei cristiani l\u00ec sia difficile. Lei, per\u00f2, ci tiene, per quanto sia complicato. I cristiani sono suoi figli e penso che un padre, in un momento di difficolt\u00e0, deve ricordarsi di loro. Ho visto il Santo Padre commosso, ha chiuso gli occhi, ha stretto la mano di mia madre e l\u2019ha abbracciata. Questo ha significato tutto. Poi, le ha detto: sono con voi, Dio vi benedica\u201d: <a href=\"http:\/\/www.news.va\/it\/news\/bhatti-incontra-francesco-cristiani-perseguitati-s\">cos\u00ec Paul Bhatti oggi alla Radio Vaticana<\/a>.<\/p>\n","protected":false},"excerpt":{"rendered":"<p>&#8220;Ho detto al Santo Padre che mia madre prega per lui e che lo invita in Pakistan, nonostante la situazione dei cristiani l\u00ec sia difficile. Lei, per\u00f2, ci tiene, per&#8230;<\/p>\n<div class=\"more-link-wrapper\"><a class=\"more-link\" href=\"http:\/\/www.luigiaccattoli.it\/blog\/la-mamma-di-bhatti-invita-il-papa-in-pakistan\/\">Read More<span class=\"screen-reader-text\">La mamma di Bhatti invita il Papa in Pakistan<\/span><\/a><\/div>\n","protected":false},"author":1,"featured_media":0,"comment_status":"open","ping_status":"closed","sticky":false,"template":"","format":"standard","meta":{"_monsterinsights_skip_tracking":false,"_monsterinsights_sitenote_active":false,"_monsterinsights_sitenote_note":"","_monsterinsights_sitenote_category":0,"footnotes":""},"categories":[1],"tags":[],"class_list":["post-14742","post","type-post","status-publish","format-standard","hentry","category-varie","excerpt"],"_links":{"self":[{"href":"http:\/\/www.luigiaccattoli.it\/blog\/wp-json\/wp\/v2\/posts\/14742","targetHints":{"allow":["GET"]}}],"collection":[{"href":"http:\/\/www.luigiaccattoli.it\/blog\/wp-json\/wp\/v2\/posts"}],"about":[{"href":"http:\/\/www.luigiaccattoli.it\/blog\/wp-json\/wp\/v2\/types\/post"}],"author":[{"embeddable":true,"href":"http:\/\/www.luigiaccattoli.it\/blog\/wp-json\/wp\/v2\/users\/1"}],"replies":[{"embeddable":true,"href":"http:\/\/www.luigiaccattoli.it\/blog\/wp-json\/wp\/v2\/comments?post=14742"}],"version-history":[{"count":2,"href":"http:\/\/www.luigiaccattoli.it\/blog\/wp-json\/wp\/v2\/posts\/14742\/revisions"}],"predecessor-version":[{"id":14744,"href":"http:\/\/www.luigiaccattoli.it\/blog\/wp-json\/wp\/v2\/posts\/14742\/revisions\/14744"}],"wp:attachment":[{"href":"http:\/\/www.luigiaccattoli.it\/blog\/wp-json\/wp\/v2\/media?parent=14742"}],"wp:term":[{"taxonomy":"category","embeddable":true,"href":"http:\/\/www.luigiaccattoli.it\/blog\/wp-json\/wp\/v2\/categories?post=14742"},{"taxonomy":"post_tag","embeddable":true,"href":"http:\/\/www.luigiaccattoli.it\/blog\/wp-json\/wp\/v2\/tags?post=14742"}],"curies":[{"name":"wp","href":"https:\/\/api.w.org\/{rel}","templated":true}]}}