{"id":14771,"date":"2014-09-04T20:31:02","date_gmt":"2014-09-04T18:31:02","guid":{"rendered":"http:\/\/www.luigiaccattoli.it\/blog\/?p=14771"},"modified":"2014-09-04T20:31:02","modified_gmt":"2014-09-04T18:31:02","slug":"dico-anchio-che-e-ora-di-alzare-la-testa","status":"publish","type":"post","link":"http:\/\/www.luigiaccattoli.it\/blog\/dico-anchio-che-e-ora-di-alzare-la-testa\/","title":{"rendered":"Dico anch&#8217;io che &#8220;\u00e8 ora di alzare la testa&#8221;"},"content":{"rendered":"<p>&#8220;E&#8217; ora di alzare la testa&#8221;: leggo su un muro alla confluenza della circonvallazione Casilina con la via Casilina, a sinistra di chi passi dalla prima alla seconda. E&#8217; il motto dell&#8217;ultima protesta sindacale ma io amo legare quello che leggo a quello che vado cercando, che in questo momento \u00e8 in Luca 21, 28: &#8220;Alzate il capo perch\u00e9 la vostra liberazione \u00e8 vicina&#8221;. <\/p>\n","protected":false},"excerpt":{"rendered":"<p>&#8220;E&#8217; ora di alzare la testa&#8221;: leggo su un muro alla confluenza della circonvallazione Casilina con la via Casilina, a sinistra di chi passi dalla prima alla seconda. E&#8217; il&#8230;<\/p>\n<div class=\"more-link-wrapper\"><a class=\"more-link\" href=\"http:\/\/www.luigiaccattoli.it\/blog\/dico-anchio-che-e-ora-di-alzare-la-testa\/\">Read More<span class=\"screen-reader-text\">Dico anch&#8217;io che &#8220;\u00e8 ora di alzare la testa&#8221;<\/span><\/a><\/div>\n","protected":false},"author":1,"featured_media":0,"comment_status":"open","ping_status":"closed","sticky":false,"template":"","format":"standard","meta":{"_monsterinsights_skip_tracking":false,"_monsterinsights_sitenote_active":false,"_monsterinsights_sitenote_note":"","_monsterinsights_sitenote_category":0,"footnotes":""},"categories":[1],"tags":[],"class_list":["post-14771","post","type-post","status-publish","format-standard","hentry","category-varie","excerpt"],"_links":{"self":[{"href":"http:\/\/www.luigiaccattoli.it\/blog\/wp-json\/wp\/v2\/posts\/14771","targetHints":{"allow":["GET"]}}],"collection":[{"href":"http:\/\/www.luigiaccattoli.it\/blog\/wp-json\/wp\/v2\/posts"}],"about":[{"href":"http:\/\/www.luigiaccattoli.it\/blog\/wp-json\/wp\/v2\/types\/post"}],"author":[{"embeddable":true,"href":"http:\/\/www.luigiaccattoli.it\/blog\/wp-json\/wp\/v2\/users\/1"}],"replies":[{"embeddable":true,"href":"http:\/\/www.luigiaccattoli.it\/blog\/wp-json\/wp\/v2\/comments?post=14771"}],"version-history":[{"count":1,"href":"http:\/\/www.luigiaccattoli.it\/blog\/wp-json\/wp\/v2\/posts\/14771\/revisions"}],"predecessor-version":[{"id":14772,"href":"http:\/\/www.luigiaccattoli.it\/blog\/wp-json\/wp\/v2\/posts\/14771\/revisions\/14772"}],"wp:attachment":[{"href":"http:\/\/www.luigiaccattoli.it\/blog\/wp-json\/wp\/v2\/media?parent=14771"}],"wp:term":[{"taxonomy":"category","embeddable":true,"href":"http:\/\/www.luigiaccattoli.it\/blog\/wp-json\/wp\/v2\/categories?post=14771"},{"taxonomy":"post_tag","embeddable":true,"href":"http:\/\/www.luigiaccattoli.it\/blog\/wp-json\/wp\/v2\/tags?post=14771"}],"curies":[{"name":"wp","href":"https:\/\/api.w.org\/{rel}","templated":true}]}}