{"id":14934,"date":"2014-10-04T20:41:27","date_gmt":"2014-10-04T18:41:27","guid":{"rendered":"http:\/\/www.luigiaccattoli.it\/blog\/?p=14934"},"modified":"2014-10-04T22:17:09","modified_gmt":"2014-10-04T20:17:09","slug":"sono-contento-del-sinodo-che-si-apre-domani","status":"publish","type":"post","link":"http:\/\/www.luigiaccattoli.it\/blog\/sono-contento-del-sinodo-che-si-apre-domani\/","title":{"rendered":"Sono contento del Sinodo che si apre domani"},"content":{"rendered":"<p>Sono contento del Sinodo che si apre domani e mi sono impegnato a scriverne ogni giorno in un blog che la rivista \u201cil Regno\u201d \u2013 alla quale collaboro da pi\u00f9 di quarant\u2019anni \u2013 lancer\u00e0 tra poche ore con questo indirizzo: <a href=\"http:\/\/ilregno-blog.blogspot.it\/\">http:\/\/ilregno-blog.blogspot.it\/<\/a>. Reputo i due Sinodi, quello che si apre domani e l\u2019altro che si far\u00e0 il prossimo anno, un grande fatto, di collegialit\u00e0 e di aggiornamento, della Chiesa di Roma. Riuniti con il Papa ci saranno gli uomini pi\u00f9 rappresentativi dell\u2019ecumene cattolica: nelle due prossime settimane verr\u00e0 vagliata in ampiezza la questione famiglia, per un anno verr\u00e0 approfondita e in una nuova pi\u00f9 vasta assemblea si trarranno le conclusioni. Da padre di cinque figli ringrazio il Papa d\u2019aver avuto il coraggio di mettere il tutto della famiglia davanti agli occhi di tutta la Chiesa. <a href=\"http:\/\/w2.vatican.va\/content\/francesco\/it\/speeches\/2014\/october\/documents\/papa-francesco_20141004_incontro-per-la-famiglia.html\">Nei commenti le parole dette da Francesco durante la veglia per il Sinodo<\/a>.<\/p>\n","protected":false},"excerpt":{"rendered":"<p>Sono contento del Sinodo che si apre domani e mi sono impegnato a scriverne ogni giorno in un blog che la rivista \u201cil Regno\u201d \u2013 alla quale collaboro da pi\u00f9&#8230;<\/p>\n<div class=\"more-link-wrapper\"><a class=\"more-link\" href=\"http:\/\/www.luigiaccattoli.it\/blog\/sono-contento-del-sinodo-che-si-apre-domani\/\">Read More<span class=\"screen-reader-text\">Sono contento del Sinodo che si apre domani<\/span><\/a><\/div>\n","protected":false},"author":1,"featured_media":0,"comment_status":"open","ping_status":"closed","sticky":false,"template":"","format":"standard","meta":{"_monsterinsights_skip_tracking":false,"_monsterinsights_sitenote_active":false,"_monsterinsights_sitenote_note":"","_monsterinsights_sitenote_category":0,"footnotes":""},"categories":[1],"tags":[],"class_list":["post-14934","post","type-post","status-publish","format-standard","hentry","category-varie","excerpt"],"_links":{"self":[{"href":"http:\/\/www.luigiaccattoli.it\/blog\/wp-json\/wp\/v2\/posts\/14934","targetHints":{"allow":["GET"]}}],"collection":[{"href":"http:\/\/www.luigiaccattoli.it\/blog\/wp-json\/wp\/v2\/posts"}],"about":[{"href":"http:\/\/www.luigiaccattoli.it\/blog\/wp-json\/wp\/v2\/types\/post"}],"author":[{"embeddable":true,"href":"http:\/\/www.luigiaccattoli.it\/blog\/wp-json\/wp\/v2\/users\/1"}],"replies":[{"embeddable":true,"href":"http:\/\/www.luigiaccattoli.it\/blog\/wp-json\/wp\/v2\/comments?post=14934"}],"version-history":[{"count":5,"href":"http:\/\/www.luigiaccattoli.it\/blog\/wp-json\/wp\/v2\/posts\/14934\/revisions"}],"predecessor-version":[{"id":14939,"href":"http:\/\/www.luigiaccattoli.it\/blog\/wp-json\/wp\/v2\/posts\/14934\/revisions\/14939"}],"wp:attachment":[{"href":"http:\/\/www.luigiaccattoli.it\/blog\/wp-json\/wp\/v2\/media?parent=14934"}],"wp:term":[{"taxonomy":"category","embeddable":true,"href":"http:\/\/www.luigiaccattoli.it\/blog\/wp-json\/wp\/v2\/categories?post=14934"},{"taxonomy":"post_tag","embeddable":true,"href":"http:\/\/www.luigiaccattoli.it\/blog\/wp-json\/wp\/v2\/tags?post=14934"}],"curies":[{"name":"wp","href":"https:\/\/api.w.org\/{rel}","templated":true}]}}