{"id":16130,"date":"2015-04-12T10:34:56","date_gmt":"2015-04-12T08:34:56","guid":{"rendered":"http:\/\/www.luigiaccattoli.it\/blog\/?p=16130"},"modified":"2015-04-12T10:34:56","modified_gmt":"2015-04-12T08:34:56","slug":"francesco-sul-genocidio-armeno","status":"publish","type":"post","link":"http:\/\/www.luigiaccattoli.it\/blog\/francesco-sul-genocidio-armeno\/","title":{"rendered":"Francesco sul genocidio armeno"},"content":{"rendered":"<p>&#8220;Cari fedeli armeni, oggi ricordiamo con cuore trafitto dal dolore, ma colmo della speranza nel Signore Risorto, il centenario di quel tragico evento, di quell\u2019immane e folle sterminio, che i vostri antenati hanno crudelmente patito. Ricordarli \u00e8 necessario, anzi, doveroso, perch\u00e9 laddove non sussiste la memoria significa che il male tiene ancora aperta la ferita; nascondere o negare il male \u00e8 come lasciare che una ferita continui a sanguinare senza medicarla!&#8221;: <a href=\"http:\/\/w2.vatican.va\/content\/francesco\/it\/homilies\/2015\/documents\/papa-francesco_20150412_omelia-fedeli-rito-armeno.html\">cos\u00ec Francesco poco fa in San Pietro<\/a>. Nei primi commenti altre parole del Papa sui genocidi del 20\u00b0 secolo. <\/p>\n","protected":false},"excerpt":{"rendered":"<p>&#8220;Cari fedeli armeni, oggi ricordiamo con cuore trafitto dal dolore, ma colmo della speranza nel Signore Risorto, il centenario di quel tragico evento, di quell\u2019immane e folle sterminio, che i&#8230;<\/p>\n<div class=\"more-link-wrapper\"><a class=\"more-link\" href=\"http:\/\/www.luigiaccattoli.it\/blog\/francesco-sul-genocidio-armeno\/\">Read More<span class=\"screen-reader-text\">Francesco sul genocidio armeno<\/span><\/a><\/div>\n","protected":false},"author":1,"featured_media":0,"comment_status":"open","ping_status":"closed","sticky":false,"template":"","format":"standard","meta":{"_monsterinsights_skip_tracking":false,"_monsterinsights_sitenote_active":false,"_monsterinsights_sitenote_note":"","_monsterinsights_sitenote_category":0,"footnotes":""},"categories":[1],"tags":[],"class_list":["post-16130","post","type-post","status-publish","format-standard","hentry","category-varie","excerpt"],"_links":{"self":[{"href":"http:\/\/www.luigiaccattoli.it\/blog\/wp-json\/wp\/v2\/posts\/16130","targetHints":{"allow":["GET"]}}],"collection":[{"href":"http:\/\/www.luigiaccattoli.it\/blog\/wp-json\/wp\/v2\/posts"}],"about":[{"href":"http:\/\/www.luigiaccattoli.it\/blog\/wp-json\/wp\/v2\/types\/post"}],"author":[{"embeddable":true,"href":"http:\/\/www.luigiaccattoli.it\/blog\/wp-json\/wp\/v2\/users\/1"}],"replies":[{"embeddable":true,"href":"http:\/\/www.luigiaccattoli.it\/blog\/wp-json\/wp\/v2\/comments?post=16130"}],"version-history":[{"count":1,"href":"http:\/\/www.luigiaccattoli.it\/blog\/wp-json\/wp\/v2\/posts\/16130\/revisions"}],"predecessor-version":[{"id":16131,"href":"http:\/\/www.luigiaccattoli.it\/blog\/wp-json\/wp\/v2\/posts\/16130\/revisions\/16131"}],"wp:attachment":[{"href":"http:\/\/www.luigiaccattoli.it\/blog\/wp-json\/wp\/v2\/media?parent=16130"}],"wp:term":[{"taxonomy":"category","embeddable":true,"href":"http:\/\/www.luigiaccattoli.it\/blog\/wp-json\/wp\/v2\/categories?post=16130"},{"taxonomy":"post_tag","embeddable":true,"href":"http:\/\/www.luigiaccattoli.it\/blog\/wp-json\/wp\/v2\/tags?post=16130"}],"curies":[{"name":"wp","href":"https:\/\/api.w.org\/{rel}","templated":true}]}}