{"id":16676,"date":"2015-07-13T23:17:05","date_gmt":"2015-07-13T21:17:05","guid":{"rendered":"http:\/\/www.luigiaccattoli.it\/blog\/?p=16676"},"modified":"2015-07-13T23:28:22","modified_gmt":"2015-07-13T21:28:22","slug":"bergoglio-e-il-cristo-marxista-del-martire-espinal","status":"publish","type":"post","link":"http:\/\/www.luigiaccattoli.it\/blog\/bergoglio-e-il-cristo-marxista-del-martire-espinal\/","title":{"rendered":"Bergoglio e il Cristo marxista del martire Espinal"},"content":{"rendered":"<p><em>Padre Espinal \u00e8 stato ucciso nell\u2019anno 80. Era un tempo in cui la teologia della liberazione aveva tanti filoni diversi, uno di questi era con l\u2019analisi marxista della realt\u00e0, e Padre Espinal apparteneva a questo. Anche le poesie di Espinal sono di quel genere di protesta: era la sua vita, era il suo pensiero, era un uomo speciale, con tanta genialit\u00e0 umana, e che lottava in buona fede. Facendo un\u2019ermeneutica del genere io capisco quest\u2019opera. Per me non \u00e8 stata un\u2019offesa. Quest\u2019oggetto ora lo porto con me<\/em>: <a href=\"http:\/\/w2.vatican.va\/content\/francesco\/it\/speeches\/2015\/july\/documents\/papa-francesco_20150712_paraguay-conferenza-stampa.html\">sono alcune delle parole con cui il Papa ha risposto in aereo a una domanda sul Cristo marxista del padre Espinal<\/a>, che gli \u00e8 stato donato dal presidente boliviano e che ha deciso di portare con s\u00e9, come il lascito di un martire che sbagli\u00f2 scolpendo quel Cristo ma che lav\u00f2 con il sangue ogni suo errore. Nei commenti l&#8217;intera risposta del Papa che considero come un ideale compendio della sua resistenza di provinciale dei gesuiti alla teologia della liberazione di orientamento marxista.<\/p>\n","protected":false},"excerpt":{"rendered":"<p>Padre Espinal \u00e8 stato ucciso nell\u2019anno 80. Era un tempo in cui la teologia della liberazione aveva tanti filoni diversi, uno di questi era con l\u2019analisi marxista della realt\u00e0, e&#8230;<\/p>\n<div class=\"more-link-wrapper\"><a class=\"more-link\" href=\"http:\/\/www.luigiaccattoli.it\/blog\/bergoglio-e-il-cristo-marxista-del-martire-espinal\/\">Read More<span class=\"screen-reader-text\">Bergoglio e il Cristo marxista del martire Espinal<\/span><\/a><\/div>\n","protected":false},"author":1,"featured_media":0,"comment_status":"open","ping_status":"closed","sticky":false,"template":"","format":"standard","meta":{"_monsterinsights_skip_tracking":false,"_monsterinsights_sitenote_active":false,"_monsterinsights_sitenote_note":"","_monsterinsights_sitenote_category":0,"footnotes":""},"categories":[1],"tags":[],"class_list":["post-16676","post","type-post","status-publish","format-standard","hentry","category-varie","excerpt"],"_links":{"self":[{"href":"http:\/\/www.luigiaccattoli.it\/blog\/wp-json\/wp\/v2\/posts\/16676","targetHints":{"allow":["GET"]}}],"collection":[{"href":"http:\/\/www.luigiaccattoli.it\/blog\/wp-json\/wp\/v2\/posts"}],"about":[{"href":"http:\/\/www.luigiaccattoli.it\/blog\/wp-json\/wp\/v2\/types\/post"}],"author":[{"embeddable":true,"href":"http:\/\/www.luigiaccattoli.it\/blog\/wp-json\/wp\/v2\/users\/1"}],"replies":[{"embeddable":true,"href":"http:\/\/www.luigiaccattoli.it\/blog\/wp-json\/wp\/v2\/comments?post=16676"}],"version-history":[{"count":6,"href":"http:\/\/www.luigiaccattoli.it\/blog\/wp-json\/wp\/v2\/posts\/16676\/revisions"}],"predecessor-version":[{"id":16682,"href":"http:\/\/www.luigiaccattoli.it\/blog\/wp-json\/wp\/v2\/posts\/16676\/revisions\/16682"}],"wp:attachment":[{"href":"http:\/\/www.luigiaccattoli.it\/blog\/wp-json\/wp\/v2\/media?parent=16676"}],"wp:term":[{"taxonomy":"category","embeddable":true,"href":"http:\/\/www.luigiaccattoli.it\/blog\/wp-json\/wp\/v2\/categories?post=16676"},{"taxonomy":"post_tag","embeddable":true,"href":"http:\/\/www.luigiaccattoli.it\/blog\/wp-json\/wp\/v2\/tags?post=16676"}],"curies":[{"name":"wp","href":"https:\/\/api.w.org\/{rel}","templated":true}]}}