{"id":17216,"date":"2015-11-21T22:04:19","date_gmt":"2015-11-21T21:04:19","guid":{"rendered":"http:\/\/www.luigiaccattoli.it\/blog\/?p=17216"},"modified":"2015-11-21T22:06:24","modified_gmt":"2015-11-21T21:06:24","slug":"francesco-agli-educatori-cercate-lumanita-ferita","status":"publish","type":"post","link":"http:\/\/www.luigiaccattoli.it\/blog\/francesco-agli-educatori-cercate-lumanita-ferita\/","title":{"rendered":"Francesco agli educatori: cercate l&#8217;umanit\u00e0 ferita"},"content":{"rendered":"<p>&#8220;Andate alle periferie. Cercate l\u00ec i poveri. Loro hanno l\u2019esperienza della sopravvivenza, anche della crudelt\u00e0, anche della fame, anche delle ingiustizie. Hanno una umanit\u00e0 ferita&#8221;: <a href=\"http:\/\/w2.vatican.va\/content\/francesco\/it\/events\/event.dir.html\/content\/vaticanevents\/it\/2015\/11\/21\/congressoeducazione.html\">cos\u00ec il Papa stamane al congresso &#8220;Educare oggi e domani&#8221;<\/a>. Nei commenti l&#8217;intera esortazione alle periferie.<\/p>\n","protected":false},"excerpt":{"rendered":"<p>&#8220;Andate alle periferie. Cercate l\u00ec i poveri. Loro hanno l\u2019esperienza della sopravvivenza, anche della crudelt\u00e0, anche della fame, anche delle ingiustizie. Hanno una umanit\u00e0 ferita&#8221;: cos\u00ec il Papa stamane al&#8230;<\/p>\n<div class=\"more-link-wrapper\"><a class=\"more-link\" href=\"http:\/\/www.luigiaccattoli.it\/blog\/francesco-agli-educatori-cercate-lumanita-ferita\/\">Read More<span class=\"screen-reader-text\">Francesco agli educatori: cercate l&#8217;umanit\u00e0 ferita<\/span><\/a><\/div>\n","protected":false},"author":1,"featured_media":0,"comment_status":"open","ping_status":"closed","sticky":false,"template":"","format":"standard","meta":{"_monsterinsights_skip_tracking":false,"_monsterinsights_sitenote_active":false,"_monsterinsights_sitenote_note":"","_monsterinsights_sitenote_category":0,"footnotes":""},"categories":[1],"tags":[],"class_list":["post-17216","post","type-post","status-publish","format-standard","hentry","category-varie","excerpt"],"_links":{"self":[{"href":"http:\/\/www.luigiaccattoli.it\/blog\/wp-json\/wp\/v2\/posts\/17216","targetHints":{"allow":["GET"]}}],"collection":[{"href":"http:\/\/www.luigiaccattoli.it\/blog\/wp-json\/wp\/v2\/posts"}],"about":[{"href":"http:\/\/www.luigiaccattoli.it\/blog\/wp-json\/wp\/v2\/types\/post"}],"author":[{"embeddable":true,"href":"http:\/\/www.luigiaccattoli.it\/blog\/wp-json\/wp\/v2\/users\/1"}],"replies":[{"embeddable":true,"href":"http:\/\/www.luigiaccattoli.it\/blog\/wp-json\/wp\/v2\/comments?post=17216"}],"version-history":[{"count":3,"href":"http:\/\/www.luigiaccattoli.it\/blog\/wp-json\/wp\/v2\/posts\/17216\/revisions"}],"predecessor-version":[{"id":17219,"href":"http:\/\/www.luigiaccattoli.it\/blog\/wp-json\/wp\/v2\/posts\/17216\/revisions\/17219"}],"wp:attachment":[{"href":"http:\/\/www.luigiaccattoli.it\/blog\/wp-json\/wp\/v2\/media?parent=17216"}],"wp:term":[{"taxonomy":"category","embeddable":true,"href":"http:\/\/www.luigiaccattoli.it\/blog\/wp-json\/wp\/v2\/categories?post=17216"},{"taxonomy":"post_tag","embeddable":true,"href":"http:\/\/www.luigiaccattoli.it\/blog\/wp-json\/wp\/v2\/tags?post=17216"}],"curies":[{"name":"wp","href":"https:\/\/api.w.org\/{rel}","templated":true}]}}