{"id":17227,"date":"2015-11-25T12:58:41","date_gmt":"2015-11-25T11:58:41","guid":{"rendered":"http:\/\/www.luigiaccattoli.it\/blog\/?p=17227"},"modified":"2015-11-25T13:12:54","modified_gmt":"2015-11-25T12:12:54","slug":"cardini-a-villa-nazaret-sul-brigante-al-baghdadi","status":"publish","type":"post","link":"http:\/\/www.luigiaccattoli.it\/blog\/cardini-a-villa-nazaret-sul-brigante-al-baghdadi\/","title":{"rendered":"Cardini a Villa Nazaret sul brigante al-Baghdadi"},"content":{"rendered":"<p>Sabato sono andato a Villa Nazareth per un convegno sul &#8220;governo di un mondo multipolare a 40 anni da Helsinki&#8221;. Il programma era pieno di presenze forti, da Romano Prodi al cardinale Parolin, ma io vi sono andato per salutare il fegatoso Franco Cardini e ascoltarlo su \u201cL\u2019Islam e gli Islam\u201d. Come stai Franco? \u201cSi invecchia\u201d. \u201cCi aiutano i tempi interessanti che viviamo\u201d. \u201cE\u2019 una fortuna trovarcisi in mezzo. Ma un proverbio cinese dice: guai a chi vive in tempi interessanti\u201d. Ogni incontro con Cardini \u00e8 una tempesta di cervelli. Ed eccolo al microfono che sacramenta contro \u201cl\u2019empia, blasfema ferocia dei terroristi\u201d e contro \u201cil califfo al-Baghdadi, un brigante che si comporta come se fosse un capo di stato: i suoi seguaci gli vanno sottratti uno ad uno o battendoli sul campo o convincendoli ad abbandonare la sua causa e a passare alla nostra. Perch\u00e9 questa \u00e8 una guerra dove non basta vincere, bens\u00ec occorre convincere\u201d. Nei commenti continua il torrente Cardini.<\/p>\n","protected":false},"excerpt":{"rendered":"<p>Sabato sono andato a Villa Nazareth per un convegno sul &#8220;governo di un mondo multipolare a 40 anni da Helsinki&#8221;. Il programma era pieno di presenze forti, da Romano Prodi&#8230;<\/p>\n<div class=\"more-link-wrapper\"><a class=\"more-link\" href=\"http:\/\/www.luigiaccattoli.it\/blog\/cardini-a-villa-nazaret-sul-brigante-al-baghdadi\/\">Read More<span class=\"screen-reader-text\">Cardini a Villa Nazaret sul brigante al-Baghdadi<\/span><\/a><\/div>\n","protected":false},"author":1,"featured_media":0,"comment_status":"open","ping_status":"closed","sticky":false,"template":"","format":"standard","meta":{"_monsterinsights_skip_tracking":false,"_monsterinsights_sitenote_active":false,"_monsterinsights_sitenote_note":"","_monsterinsights_sitenote_category":0,"footnotes":""},"categories":[1],"tags":[],"class_list":["post-17227","post","type-post","status-publish","format-standard","hentry","category-varie","excerpt"],"_links":{"self":[{"href":"http:\/\/www.luigiaccattoli.it\/blog\/wp-json\/wp\/v2\/posts\/17227","targetHints":{"allow":["GET"]}}],"collection":[{"href":"http:\/\/www.luigiaccattoli.it\/blog\/wp-json\/wp\/v2\/posts"}],"about":[{"href":"http:\/\/www.luigiaccattoli.it\/blog\/wp-json\/wp\/v2\/types\/post"}],"author":[{"embeddable":true,"href":"http:\/\/www.luigiaccattoli.it\/blog\/wp-json\/wp\/v2\/users\/1"}],"replies":[{"embeddable":true,"href":"http:\/\/www.luigiaccattoli.it\/blog\/wp-json\/wp\/v2\/comments?post=17227"}],"version-history":[{"count":5,"href":"http:\/\/www.luigiaccattoli.it\/blog\/wp-json\/wp\/v2\/posts\/17227\/revisions"}],"predecessor-version":[{"id":17232,"href":"http:\/\/www.luigiaccattoli.it\/blog\/wp-json\/wp\/v2\/posts\/17227\/revisions\/17232"}],"wp:attachment":[{"href":"http:\/\/www.luigiaccattoli.it\/blog\/wp-json\/wp\/v2\/media?parent=17227"}],"wp:term":[{"taxonomy":"category","embeddable":true,"href":"http:\/\/www.luigiaccattoli.it\/blog\/wp-json\/wp\/v2\/categories?post=17227"},{"taxonomy":"post_tag","embeddable":true,"href":"http:\/\/www.luigiaccattoli.it\/blog\/wp-json\/wp\/v2\/tags?post=17227"}],"curies":[{"name":"wp","href":"https:\/\/api.w.org\/{rel}","templated":true}]}}