{"id":17242,"date":"2015-11-29T12:05:40","date_gmt":"2015-11-29T11:05:40","guid":{"rendered":"http:\/\/www.luigiaccattoli.it\/blog\/?p=17242"},"modified":"2015-11-29T12:05:40","modified_gmt":"2015-11-29T11:05:40","slug":"tremore-e-festa-per-il-papa-a-bangui","status":"publish","type":"post","link":"http:\/\/www.luigiaccattoli.it\/blog\/tremore-e-festa-per-il-papa-a-bangui\/","title":{"rendered":"Tremore e festa per il Papa a Bangui"},"content":{"rendered":"<p>Folla in festa e sicurezza vaticana con i giubbotti antiproiettile: sono le prime immagini della presenza del Papa a Bangui, capitale della Repubblica Centroafricana dove Francesco \u00e8 arrivato alle 10 e dove questo pomeriggio aprir\u00e0 la prima Porta Santa del Giubileo della Misericordia. Primizia giubilare donata ai pi\u00f9 poveri. Invocazione della Misericordia su un popolo misero e insanguinato. Seguir\u00f2 la giornata con le dirette di TV2000 e aggiorner\u00f2 il racconto via via, con i commenti.<\/p>\n","protected":false},"excerpt":{"rendered":"<p>Folla in festa e sicurezza vaticana con i giubbotti antiproiettile: sono le prime immagini della presenza del Papa a Bangui, capitale della Repubblica Centroafricana dove Francesco \u00e8 arrivato alle 10&#8230;<\/p>\n<div class=\"more-link-wrapper\"><a class=\"more-link\" href=\"http:\/\/www.luigiaccattoli.it\/blog\/tremore-e-festa-per-il-papa-a-bangui\/\">Read More<span class=\"screen-reader-text\">Tremore e festa per il Papa a Bangui<\/span><\/a><\/div>\n","protected":false},"author":1,"featured_media":0,"comment_status":"open","ping_status":"closed","sticky":false,"template":"","format":"standard","meta":{"_monsterinsights_skip_tracking":false,"_monsterinsights_sitenote_active":false,"_monsterinsights_sitenote_note":"","_monsterinsights_sitenote_category":0,"footnotes":""},"categories":[1],"tags":[],"class_list":["post-17242","post","type-post","status-publish","format-standard","hentry","category-varie","excerpt"],"_links":{"self":[{"href":"http:\/\/www.luigiaccattoli.it\/blog\/wp-json\/wp\/v2\/posts\/17242","targetHints":{"allow":["GET"]}}],"collection":[{"href":"http:\/\/www.luigiaccattoli.it\/blog\/wp-json\/wp\/v2\/posts"}],"about":[{"href":"http:\/\/www.luigiaccattoli.it\/blog\/wp-json\/wp\/v2\/types\/post"}],"author":[{"embeddable":true,"href":"http:\/\/www.luigiaccattoli.it\/blog\/wp-json\/wp\/v2\/users\/1"}],"replies":[{"embeddable":true,"href":"http:\/\/www.luigiaccattoli.it\/blog\/wp-json\/wp\/v2\/comments?post=17242"}],"version-history":[{"count":1,"href":"http:\/\/www.luigiaccattoli.it\/blog\/wp-json\/wp\/v2\/posts\/17242\/revisions"}],"predecessor-version":[{"id":17243,"href":"http:\/\/www.luigiaccattoli.it\/blog\/wp-json\/wp\/v2\/posts\/17242\/revisions\/17243"}],"wp:attachment":[{"href":"http:\/\/www.luigiaccattoli.it\/blog\/wp-json\/wp\/v2\/media?parent=17242"}],"wp:term":[{"taxonomy":"category","embeddable":true,"href":"http:\/\/www.luigiaccattoli.it\/blog\/wp-json\/wp\/v2\/categories?post=17242"},{"taxonomy":"post_tag","embeddable":true,"href":"http:\/\/www.luigiaccattoli.it\/blog\/wp-json\/wp\/v2\/tags?post=17242"}],"curies":[{"name":"wp","href":"https:\/\/api.w.org\/{rel}","templated":true}]}}