{"id":17258,"date":"2015-12-04T12:58:15","date_gmt":"2015-12-04T11:58:15","guid":{"rendered":"http:\/\/www.luigiaccattoli.it\/blog\/?p=17258"},"modified":"2015-12-04T13:02:04","modified_gmt":"2015-12-04T12:02:04","slug":"se-ci-sara-misericordia-per-sandro-magister","status":"publish","type":"post","link":"http:\/\/www.luigiaccattoli.it\/blog\/se-ci-sara-misericordia-per-sandro-magister\/","title":{"rendered":"Se ci sar\u00e0 misericordia per Sandro Magister"},"content":{"rendered":"<p>&#8220;Vorrei sapere se in occasione dell&#8217;Anno della Misericordia ci sar\u00e0 misericordia anche per Sandro Magister in modo che possa attraversare questa porta&#8221;: \u00e8 una domanda che \u00e8 stata fatta al portavoce Lombardi nella conferenza stampa per l&#8217;avvio del Giubileo, che \u00e8 appena terminata. La risposta di Lombardi \u00e8 stata: &#8220;Vedremo&#8221;. Nei commenti un richiamo ai fatti e un mio saluto a Sandro. <\/p>\n","protected":false},"excerpt":{"rendered":"<p>&#8220;Vorrei sapere se in occasione dell&#8217;Anno della Misericordia ci sar\u00e0 misericordia anche per Sandro Magister in modo che possa attraversare questa porta&#8221;: \u00e8 una domanda che \u00e8 stata fatta al&#8230;<\/p>\n<div class=\"more-link-wrapper\"><a class=\"more-link\" href=\"http:\/\/www.luigiaccattoli.it\/blog\/se-ci-sara-misericordia-per-sandro-magister\/\">Read More<span class=\"screen-reader-text\">Se ci sar\u00e0 misericordia per Sandro Magister<\/span><\/a><\/div>\n","protected":false},"author":1,"featured_media":0,"comment_status":"open","ping_status":"closed","sticky":false,"template":"","format":"standard","meta":{"_monsterinsights_skip_tracking":false,"_monsterinsights_sitenote_active":false,"_monsterinsights_sitenote_note":"","_monsterinsights_sitenote_category":0,"footnotes":""},"categories":[1],"tags":[],"class_list":["post-17258","post","type-post","status-publish","format-standard","hentry","category-varie","excerpt"],"_links":{"self":[{"href":"http:\/\/www.luigiaccattoli.it\/blog\/wp-json\/wp\/v2\/posts\/17258","targetHints":{"allow":["GET"]}}],"collection":[{"href":"http:\/\/www.luigiaccattoli.it\/blog\/wp-json\/wp\/v2\/posts"}],"about":[{"href":"http:\/\/www.luigiaccattoli.it\/blog\/wp-json\/wp\/v2\/types\/post"}],"author":[{"embeddable":true,"href":"http:\/\/www.luigiaccattoli.it\/blog\/wp-json\/wp\/v2\/users\/1"}],"replies":[{"embeddable":true,"href":"http:\/\/www.luigiaccattoli.it\/blog\/wp-json\/wp\/v2\/comments?post=17258"}],"version-history":[{"count":3,"href":"http:\/\/www.luigiaccattoli.it\/blog\/wp-json\/wp\/v2\/posts\/17258\/revisions"}],"predecessor-version":[{"id":17261,"href":"http:\/\/www.luigiaccattoli.it\/blog\/wp-json\/wp\/v2\/posts\/17258\/revisions\/17261"}],"wp:attachment":[{"href":"http:\/\/www.luigiaccattoli.it\/blog\/wp-json\/wp\/v2\/media?parent=17258"}],"wp:term":[{"taxonomy":"category","embeddable":true,"href":"http:\/\/www.luigiaccattoli.it\/blog\/wp-json\/wp\/v2\/categories?post=17258"},{"taxonomy":"post_tag","embeddable":true,"href":"http:\/\/www.luigiaccattoli.it\/blog\/wp-json\/wp\/v2\/tags?post=17258"}],"curies":[{"name":"wp","href":"https:\/\/api.w.org\/{rel}","templated":true}]}}