{"id":18384,"date":"2016-07-24T17:44:14","date_gmt":"2016-07-24T15:44:14","guid":{"rendered":"http:\/\/www.luigiaccattoli.it\/blog\/?p=18384"},"modified":"2016-07-24T17:44:14","modified_gmt":"2016-07-24T15:44:14","slug":"ilda-casati-prego-anche-per-lassassino-di-papa","status":"publish","type":"post","link":"http:\/\/www.luigiaccattoli.it\/blog\/ilda-casati-prego-anche-per-lassassino-di-papa\/","title":{"rendered":"Ilda Casati: &#8220;Prego anche per l&#8217;assassino di pap\u00e0&#8221;"},"content":{"rendered":"<p>&#8220;Nell&#8217;anno della misericordia pregare anche per l&#8217;assassino di pap\u00e0 mi \u00e8 sembrata la cosa pi\u00f9 giusta da fare&#8221;: parole di Ilda Casati che ha perso il padre Mario nella strage di Nizza. Nei commenti qualche ragguaglio su questo fatto di Vangelo, <a href=\"http:\/\/www.avvenire.it\/Cronaca\/Pagine\/Prego-per-lassassino-di-papa-Con-lodio-non-si-risolve-nulla.aspx\">che riprendo da un&#8217;ottima cronaca di &#8220;Avvenire&#8221; firmata dal collega Paolo Ferrario<\/a>.<\/p>\n","protected":false},"excerpt":{"rendered":"<p>&#8220;Nell&#8217;anno della misericordia pregare anche per l&#8217;assassino di pap\u00e0 mi \u00e8 sembrata la cosa pi\u00f9 giusta da fare&#8221;: parole di Ilda Casati che ha perso il padre Mario nella strage&#8230;<\/p>\n<div class=\"more-link-wrapper\"><a class=\"more-link\" href=\"http:\/\/www.luigiaccattoli.it\/blog\/ilda-casati-prego-anche-per-lassassino-di-papa\/\">Read More<span class=\"screen-reader-text\">Ilda Casati: &#8220;Prego anche per l&#8217;assassino di pap\u00e0&#8221;<\/span><\/a><\/div>\n","protected":false},"author":1,"featured_media":0,"comment_status":"open","ping_status":"closed","sticky":false,"template":"","format":"standard","meta":{"_monsterinsights_skip_tracking":false,"_monsterinsights_sitenote_active":false,"_monsterinsights_sitenote_note":"","_monsterinsights_sitenote_category":0,"footnotes":""},"categories":[1],"tags":[],"class_list":["post-18384","post","type-post","status-publish","format-standard","hentry","category-varie","excerpt"],"_links":{"self":[{"href":"http:\/\/www.luigiaccattoli.it\/blog\/wp-json\/wp\/v2\/posts\/18384","targetHints":{"allow":["GET"]}}],"collection":[{"href":"http:\/\/www.luigiaccattoli.it\/blog\/wp-json\/wp\/v2\/posts"}],"about":[{"href":"http:\/\/www.luigiaccattoli.it\/blog\/wp-json\/wp\/v2\/types\/post"}],"author":[{"embeddable":true,"href":"http:\/\/www.luigiaccattoli.it\/blog\/wp-json\/wp\/v2\/users\/1"}],"replies":[{"embeddable":true,"href":"http:\/\/www.luigiaccattoli.it\/blog\/wp-json\/wp\/v2\/comments?post=18384"}],"version-history":[{"count":1,"href":"http:\/\/www.luigiaccattoli.it\/blog\/wp-json\/wp\/v2\/posts\/18384\/revisions"}],"predecessor-version":[{"id":18385,"href":"http:\/\/www.luigiaccattoli.it\/blog\/wp-json\/wp\/v2\/posts\/18384\/revisions\/18385"}],"wp:attachment":[{"href":"http:\/\/www.luigiaccattoli.it\/blog\/wp-json\/wp\/v2\/media?parent=18384"}],"wp:term":[{"taxonomy":"category","embeddable":true,"href":"http:\/\/www.luigiaccattoli.it\/blog\/wp-json\/wp\/v2\/categories?post=18384"},{"taxonomy":"post_tag","embeddable":true,"href":"http:\/\/www.luigiaccattoli.it\/blog\/wp-json\/wp\/v2\/tags?post=18384"}],"curies":[{"name":"wp","href":"https:\/\/api.w.org\/{rel}","templated":true}]}}