{"id":18518,"date":"2016-08-26T09:30:04","date_gmt":"2016-08-26T07:30:04","guid":{"rendered":"http:\/\/www.luigiaccattoli.it\/blog\/?p=18518"},"modified":"2016-08-26T09:35:07","modified_gmt":"2016-08-26T07:35:07","slug":"benedetto-la-rinuncia-era-per-me-un-dovere","status":"publish","type":"post","link":"http:\/\/www.luigiaccattoli.it\/blog\/benedetto-la-rinuncia-era-per-me-un-dovere\/","title":{"rendered":"Benedetto: &#8220;La rinuncia era per me un dovere&#8221;"},"content":{"rendered":"<p>Nell&#8217;intervisa a Elio Guerriero per il volume che andr\u00e0 in libreria il 30 agosto [&#8220;Servitore di Dio e dell&#8217;umanit\u00e0. la Biografia di Benedetto XVI&#8221;, Mondadori] Papa Ratzinger segnala l&#8217;impossibilit\u00e0 di affrontare voli transoceanici tra le ragioni della rinuncia e indica la primavera del 2012 come il momento della decisione di lasciare. <a href=\"http:\/\/www.repubblica.it\/vaticano\/2016\/08\/24\/news\/la_confessione_di_ratzinger_troppo_stanco_cosi_ho_lasciato_-146529292\/\">Nei commenti i brani dell&#8217;intervista anticipata dalla &#8220;Repubblica&#8221; del 24 agosto<\/a> nei quali il Papa emerito narra la maturazione della decisione e l&#8217;amicizia paterna e fraterna con il successore.<\/p>\n","protected":false},"excerpt":{"rendered":"<p>Nell&#8217;intervisa a Elio Guerriero per il volume che andr\u00e0 in libreria il 30 agosto [&#8220;Servitore di Dio e dell&#8217;umanit\u00e0. la Biografia di Benedetto XVI&#8221;, Mondadori] Papa Ratzinger segnala l&#8217;impossibilit\u00e0 di&#8230;<\/p>\n<div class=\"more-link-wrapper\"><a class=\"more-link\" href=\"http:\/\/www.luigiaccattoli.it\/blog\/benedetto-la-rinuncia-era-per-me-un-dovere\/\">Read More<span class=\"screen-reader-text\">Benedetto: &#8220;La rinuncia era per me un dovere&#8221;<\/span><\/a><\/div>\n","protected":false},"author":1,"featured_media":0,"comment_status":"open","ping_status":"closed","sticky":false,"template":"","format":"standard","meta":{"_monsterinsights_skip_tracking":false,"_monsterinsights_sitenote_active":false,"_monsterinsights_sitenote_note":"","_monsterinsights_sitenote_category":0,"footnotes":""},"categories":[1],"tags":[],"class_list":["post-18518","post","type-post","status-publish","format-standard","hentry","category-varie","excerpt"],"_links":{"self":[{"href":"http:\/\/www.luigiaccattoli.it\/blog\/wp-json\/wp\/v2\/posts\/18518","targetHints":{"allow":["GET"]}}],"collection":[{"href":"http:\/\/www.luigiaccattoli.it\/blog\/wp-json\/wp\/v2\/posts"}],"about":[{"href":"http:\/\/www.luigiaccattoli.it\/blog\/wp-json\/wp\/v2\/types\/post"}],"author":[{"embeddable":true,"href":"http:\/\/www.luigiaccattoli.it\/blog\/wp-json\/wp\/v2\/users\/1"}],"replies":[{"embeddable":true,"href":"http:\/\/www.luigiaccattoli.it\/blog\/wp-json\/wp\/v2\/comments?post=18518"}],"version-history":[{"count":3,"href":"http:\/\/www.luigiaccattoli.it\/blog\/wp-json\/wp\/v2\/posts\/18518\/revisions"}],"predecessor-version":[{"id":18521,"href":"http:\/\/www.luigiaccattoli.it\/blog\/wp-json\/wp\/v2\/posts\/18518\/revisions\/18521"}],"wp:attachment":[{"href":"http:\/\/www.luigiaccattoli.it\/blog\/wp-json\/wp\/v2\/media?parent=18518"}],"wp:term":[{"taxonomy":"category","embeddable":true,"href":"http:\/\/www.luigiaccattoli.it\/blog\/wp-json\/wp\/v2\/categories?post=18518"},{"taxonomy":"post_tag","embeddable":true,"href":"http:\/\/www.luigiaccattoli.it\/blog\/wp-json\/wp\/v2\/tags?post=18518"}],"curies":[{"name":"wp","href":"https:\/\/api.w.org\/{rel}","templated":true}]}}