{"id":18522,"date":"2016-08-26T21:39:14","date_gmt":"2016-08-26T19:39:14","guid":{"rendered":"http:\/\/www.luigiaccattoli.it\/blog\/?p=18522"},"modified":"2016-08-26T21:39:14","modified_gmt":"2016-08-26T19:39:14","slug":"la-novita-bella-dei-due-papi-che-si-amano","status":"publish","type":"post","link":"http:\/\/www.luigiaccattoli.it\/blog\/la-novita-bella-dei-due-papi-che-si-amano\/","title":{"rendered":"La novit\u00e0 bella dei due Papi che si amano"},"content":{"rendered":"<p>&#8220;Per la Chiesa la presenza di un papa emerito oltre a quello in carica \u00e8 una novit\u00e0. E poich\u00e9 si amano, \u00e8 una novit\u00e0 bella. In certo senso esprime in maniera particolarmente evidente la continuit\u00e0 del ministero petrino, senza interruzione, come gli anelli di una stessa catena saldati dall\u2019amore. Il popolo santo di Dio in cammino lo ha capito molto bene&#8221;: <a href=\"http:\/\/www.avvenire.it\/Cultura\/Pagine\/Comprensione-e-amicizia-.aspx\">parole di Francesco contenute nella prefazione che ha scritto per la biografia di Benedetto della quale al post precedente<\/a>. Nei commenti altre righe della stessa prefazione anticipata da Avvenire del 24 agosto.<\/p>\n","protected":false},"excerpt":{"rendered":"<p>&#8220;Per la Chiesa la presenza di un papa emerito oltre a quello in carica \u00e8 una novit\u00e0. E poich\u00e9 si amano, \u00e8 una novit\u00e0 bella. In certo senso esprime in&#8230;<\/p>\n<div class=\"more-link-wrapper\"><a class=\"more-link\" href=\"http:\/\/www.luigiaccattoli.it\/blog\/la-novita-bella-dei-due-papi-che-si-amano\/\">Read More<span class=\"screen-reader-text\">La novit\u00e0 bella dei due Papi che si amano<\/span><\/a><\/div>\n","protected":false},"author":1,"featured_media":0,"comment_status":"open","ping_status":"closed","sticky":false,"template":"","format":"standard","meta":{"_monsterinsights_skip_tracking":false,"_monsterinsights_sitenote_active":false,"_monsterinsights_sitenote_note":"","_monsterinsights_sitenote_category":0,"footnotes":""},"categories":[1],"tags":[],"class_list":["post-18522","post","type-post","status-publish","format-standard","hentry","category-varie","excerpt"],"_links":{"self":[{"href":"http:\/\/www.luigiaccattoli.it\/blog\/wp-json\/wp\/v2\/posts\/18522","targetHints":{"allow":["GET"]}}],"collection":[{"href":"http:\/\/www.luigiaccattoli.it\/blog\/wp-json\/wp\/v2\/posts"}],"about":[{"href":"http:\/\/www.luigiaccattoli.it\/blog\/wp-json\/wp\/v2\/types\/post"}],"author":[{"embeddable":true,"href":"http:\/\/www.luigiaccattoli.it\/blog\/wp-json\/wp\/v2\/users\/1"}],"replies":[{"embeddable":true,"href":"http:\/\/www.luigiaccattoli.it\/blog\/wp-json\/wp\/v2\/comments?post=18522"}],"version-history":[{"count":1,"href":"http:\/\/www.luigiaccattoli.it\/blog\/wp-json\/wp\/v2\/posts\/18522\/revisions"}],"predecessor-version":[{"id":18523,"href":"http:\/\/www.luigiaccattoli.it\/blog\/wp-json\/wp\/v2\/posts\/18522\/revisions\/18523"}],"wp:attachment":[{"href":"http:\/\/www.luigiaccattoli.it\/blog\/wp-json\/wp\/v2\/media?parent=18522"}],"wp:term":[{"taxonomy":"category","embeddable":true,"href":"http:\/\/www.luigiaccattoli.it\/blog\/wp-json\/wp\/v2\/categories?post=18522"},{"taxonomy":"post_tag","embeddable":true,"href":"http:\/\/www.luigiaccattoli.it\/blog\/wp-json\/wp\/v2\/tags?post=18522"}],"curies":[{"name":"wp","href":"https:\/\/api.w.org\/{rel}","templated":true}]}}