{"id":18844,"date":"2016-10-31T09:54:23","date_gmt":"2016-10-31T08:54:23","guid":{"rendered":"http:\/\/www.luigiaccattoli.it\/blog\/?p=18844"},"modified":"2016-11-01T21:36:15","modified_gmt":"2016-11-01T20:36:15","slug":"a-lund-per-costruire-una-memoria-condivisa-non-per-festeggia","status":"publish","type":"post","link":"http:\/\/www.luigiaccattoli.it\/blog\/a-lund-per-costruire-una-memoria-condivisa-non-per-festeggia\/","title":{"rendered":"A Lund per una memoria condivisa non per festeggiare"},"content":{"rendered":"<p>Giornata del Papa a Lund, quella di oggi: \u00e8 utile accompagnarla con la lettura di un&#8217;<a href=\"http:\/\/www.rossoporpora.org\/rubriche\/interviste-a-cardinali\/639-card-koch-protestantizzazione-niente-paura-il-papa-e-cattolico.html\">intervista al cardinale Kurt Koch, responsabile vaticano per l&#8217;ecumenismo, al sito Rossoporpora<\/a>. Koch gi\u00e0 preparava l&#8217;evento di oggi sotto Benedetto. L&#8217;intervista \u00e8 di reale aiuto perch\u00e9 segnala l&#8217;acquisto che viene dall&#8217;incontro di oggi senza tacere i problemi. Nei primi due commenti alcune parole di prospettiva che avviano bene alla lettura.<\/p>\n","protected":false},"excerpt":{"rendered":"<p>Giornata del Papa a Lund, quella di oggi: \u00e8 utile accompagnarla con la lettura di un&#8217;intervista al cardinale Kurt Koch, responsabile vaticano per l&#8217;ecumenismo, al sito Rossoporpora. Koch gi\u00e0 preparava&#8230;<\/p>\n<div class=\"more-link-wrapper\"><a class=\"more-link\" href=\"http:\/\/www.luigiaccattoli.it\/blog\/a-lund-per-costruire-una-memoria-condivisa-non-per-festeggia\/\">Read More<span class=\"screen-reader-text\">A Lund per una memoria condivisa non per festeggiare<\/span><\/a><\/div>\n","protected":false},"author":1,"featured_media":0,"comment_status":"open","ping_status":"closed","sticky":false,"template":"","format":"standard","meta":{"_monsterinsights_skip_tracking":false,"_monsterinsights_sitenote_active":false,"_monsterinsights_sitenote_note":"","_monsterinsights_sitenote_category":0,"footnotes":""},"categories":[1],"tags":[],"class_list":["post-18844","post","type-post","status-publish","format-standard","hentry","category-varie","excerpt"],"_links":{"self":[{"href":"http:\/\/www.luigiaccattoli.it\/blog\/wp-json\/wp\/v2\/posts\/18844","targetHints":{"allow":["GET"]}}],"collection":[{"href":"http:\/\/www.luigiaccattoli.it\/blog\/wp-json\/wp\/v2\/posts"}],"about":[{"href":"http:\/\/www.luigiaccattoli.it\/blog\/wp-json\/wp\/v2\/types\/post"}],"author":[{"embeddable":true,"href":"http:\/\/www.luigiaccattoli.it\/blog\/wp-json\/wp\/v2\/users\/1"}],"replies":[{"embeddable":true,"href":"http:\/\/www.luigiaccattoli.it\/blog\/wp-json\/wp\/v2\/comments?post=18844"}],"version-history":[{"count":4,"href":"http:\/\/www.luigiaccattoli.it\/blog\/wp-json\/wp\/v2\/posts\/18844\/revisions"}],"predecessor-version":[{"id":18855,"href":"http:\/\/www.luigiaccattoli.it\/blog\/wp-json\/wp\/v2\/posts\/18844\/revisions\/18855"}],"wp:attachment":[{"href":"http:\/\/www.luigiaccattoli.it\/blog\/wp-json\/wp\/v2\/media?parent=18844"}],"wp:term":[{"taxonomy":"category","embeddable":true,"href":"http:\/\/www.luigiaccattoli.it\/blog\/wp-json\/wp\/v2\/categories?post=18844"},{"taxonomy":"post_tag","embeddable":true,"href":"http:\/\/www.luigiaccattoli.it\/blog\/wp-json\/wp\/v2\/tags?post=18844"}],"curies":[{"name":"wp","href":"https:\/\/api.w.org\/{rel}","templated":true}]}}