{"id":18848,"date":"2016-10-31T22:18:57","date_gmt":"2016-10-31T21:18:57","guid":{"rendered":"http:\/\/www.luigiaccattoli.it\/blog\/?p=18848"},"modified":"2016-10-31T22:21:06","modified_gmt":"2016-10-31T21:21:06","slug":"francesco-ai-luterani-non-possiamo-rassegnarci-alla-divisione","status":"publish","type":"post","link":"http:\/\/www.luigiaccattoli.it\/blog\/francesco-ai-luterani-non-possiamo-rassegnarci-alla-divisione\/","title":{"rendered":"Il Papa a Lund: non possiamo rassegnarci alla divisione"},"content":{"rendered":"<p>La giornata di Lund \u00e8 ricca di parole da memorizzare: come vuole il mio metodo, ne far\u00f2 un&#8217;antologia e prendo il titolo dal primo dei due interventi del Papa. Nei commenti insieme ai testi dar\u00f2 i link alle fonti.<\/p>\n","protected":false},"excerpt":{"rendered":"<p>La giornata di Lund \u00e8 ricca di parole da memorizzare: come vuole il mio metodo, ne far\u00f2 un&#8217;antologia e prendo il titolo dal primo dei due interventi del Papa. Nei&#8230;<\/p>\n<div class=\"more-link-wrapper\"><a class=\"more-link\" href=\"http:\/\/www.luigiaccattoli.it\/blog\/francesco-ai-luterani-non-possiamo-rassegnarci-alla-divisione\/\">Read More<span class=\"screen-reader-text\">Il Papa a Lund: non possiamo rassegnarci alla divisione<\/span><\/a><\/div>\n","protected":false},"author":1,"featured_media":0,"comment_status":"open","ping_status":"closed","sticky":false,"template":"","format":"standard","meta":{"_monsterinsights_skip_tracking":false,"_monsterinsights_sitenote_active":false,"_monsterinsights_sitenote_note":"","_monsterinsights_sitenote_category":0,"footnotes":""},"categories":[1],"tags":[],"class_list":["post-18848","post","type-post","status-publish","format-standard","hentry","category-varie","excerpt"],"_links":{"self":[{"href":"http:\/\/www.luigiaccattoli.it\/blog\/wp-json\/wp\/v2\/posts\/18848","targetHints":{"allow":["GET"]}}],"collection":[{"href":"http:\/\/www.luigiaccattoli.it\/blog\/wp-json\/wp\/v2\/posts"}],"about":[{"href":"http:\/\/www.luigiaccattoli.it\/blog\/wp-json\/wp\/v2\/types\/post"}],"author":[{"embeddable":true,"href":"http:\/\/www.luigiaccattoli.it\/blog\/wp-json\/wp\/v2\/users\/1"}],"replies":[{"embeddable":true,"href":"http:\/\/www.luigiaccattoli.it\/blog\/wp-json\/wp\/v2\/comments?post=18848"}],"version-history":[{"count":4,"href":"http:\/\/www.luigiaccattoli.it\/blog\/wp-json\/wp\/v2\/posts\/18848\/revisions"}],"predecessor-version":[{"id":18852,"href":"http:\/\/www.luigiaccattoli.it\/blog\/wp-json\/wp\/v2\/posts\/18848\/revisions\/18852"}],"wp:attachment":[{"href":"http:\/\/www.luigiaccattoli.it\/blog\/wp-json\/wp\/v2\/media?parent=18848"}],"wp:term":[{"taxonomy":"category","embeddable":true,"href":"http:\/\/www.luigiaccattoli.it\/blog\/wp-json\/wp\/v2\/categories?post=18848"},{"taxonomy":"post_tag","embeddable":true,"href":"http:\/\/www.luigiaccattoli.it\/blog\/wp-json\/wp\/v2\/tags?post=18848"}],"curies":[{"name":"wp","href":"https:\/\/api.w.org\/{rel}","templated":true}]}}