{"id":18853,"date":"2016-11-01T09:22:13","date_gmt":"2016-11-01T08:22:13","guid":{"rendered":"http:\/\/www.luigiaccattoli.it\/blog\/?p=18853"},"modified":"2016-11-01T09:22:13","modified_gmt":"2016-11-01T08:22:13","slug":"francesco-ringrazia-i-governi-che-assistono-i-profughi","status":"publish","type":"post","link":"http:\/\/www.luigiaccattoli.it\/blog\/francesco-ringrazia-i-governi-che-assistono-i-profughi\/","title":{"rendered":"Francesco ringrazia i governi che assistono i profughi"},"content":{"rendered":"<p>Ieri pomeriggio nella Malm\u00f6 Arena, in Svezia, si \u00e8 tenuto un Evento Ecumenico che \u00e8 stato il momento allargato, a dimensione popolare, dell&#8217;atto ecclesiale che si era svolto in mattinata nella cattedrale luterana di Lund. Nei commenti una rapida cronaca, il ringraziamento del Papa ai governi che accolgono, il suo saluto al vescovo caldeo di Aleppo (Siria), il gesuita Antoine Audo, che ha parlato a nome del suo popolo martire.<\/p>\n","protected":false},"excerpt":{"rendered":"<p>Ieri pomeriggio nella Malm\u00f6 Arena, in Svezia, si \u00e8 tenuto un Evento Ecumenico che \u00e8 stato il momento allargato, a dimensione popolare, dell&#8217;atto ecclesiale che si era svolto in mattinata&#8230;<\/p>\n<div class=\"more-link-wrapper\"><a class=\"more-link\" href=\"http:\/\/www.luigiaccattoli.it\/blog\/francesco-ringrazia-i-governi-che-assistono-i-profughi\/\">Read More<span class=\"screen-reader-text\">Francesco ringrazia i governi che assistono i profughi<\/span><\/a><\/div>\n","protected":false},"author":1,"featured_media":0,"comment_status":"open","ping_status":"closed","sticky":false,"template":"","format":"standard","meta":{"_monsterinsights_skip_tracking":false,"_monsterinsights_sitenote_active":false,"_monsterinsights_sitenote_note":"","_monsterinsights_sitenote_category":0,"footnotes":""},"categories":[1],"tags":[],"class_list":["post-18853","post","type-post","status-publish","format-standard","hentry","category-varie","excerpt"],"_links":{"self":[{"href":"http:\/\/www.luigiaccattoli.it\/blog\/wp-json\/wp\/v2\/posts\/18853","targetHints":{"allow":["GET"]}}],"collection":[{"href":"http:\/\/www.luigiaccattoli.it\/blog\/wp-json\/wp\/v2\/posts"}],"about":[{"href":"http:\/\/www.luigiaccattoli.it\/blog\/wp-json\/wp\/v2\/types\/post"}],"author":[{"embeddable":true,"href":"http:\/\/www.luigiaccattoli.it\/blog\/wp-json\/wp\/v2\/users\/1"}],"replies":[{"embeddable":true,"href":"http:\/\/www.luigiaccattoli.it\/blog\/wp-json\/wp\/v2\/comments?post=18853"}],"version-history":[{"count":1,"href":"http:\/\/www.luigiaccattoli.it\/blog\/wp-json\/wp\/v2\/posts\/18853\/revisions"}],"predecessor-version":[{"id":18854,"href":"http:\/\/www.luigiaccattoli.it\/blog\/wp-json\/wp\/v2\/posts\/18853\/revisions\/18854"}],"wp:attachment":[{"href":"http:\/\/www.luigiaccattoli.it\/blog\/wp-json\/wp\/v2\/media?parent=18853"}],"wp:term":[{"taxonomy":"category","embeddable":true,"href":"http:\/\/www.luigiaccattoli.it\/blog\/wp-json\/wp\/v2\/categories?post=18853"},{"taxonomy":"post_tag","embeddable":true,"href":"http:\/\/www.luigiaccattoli.it\/blog\/wp-json\/wp\/v2\/tags?post=18853"}],"curies":[{"name":"wp","href":"https:\/\/api.w.org\/{rel}","templated":true}]}}