{"id":18978,"date":"2016-11-29T10:32:20","date_gmt":"2016-11-29T09:32:20","guid":{"rendered":"http:\/\/www.luigiaccattoli.it\/blog\/?p=18978"},"modified":"2016-11-29T10:32:20","modified_gmt":"2016-11-29T09:32:20","slug":"serata-sul-referendum-alla-madonna-dei-monti","status":"publish","type":"post","link":"http:\/\/www.luigiaccattoli.it\/blog\/serata-sul-referendum-alla-madonna-dei-monti\/","title":{"rendered":"Serata sul referendum alla Madonna dei Monti"},"content":{"rendered":"<p>Stasera in parrocchia, alla Madonna dei Monti, avremo un dibattito sul referendum con Luigi Zanda per il s\u00ec e Lucio Malan per il no. Io modero: metter\u00f2 il vestito delle conferenze e sar\u00f2 imparzialissimo, parola di lupetto. Ho chiarito al parroco che io pendo per il s\u00ec ma lui mi ha detto: &#8220;Per una sera ti astieni&#8221;. Nei commenti altri frammenti referendari.<\/p>\n","protected":false},"excerpt":{"rendered":"<p>Stasera in parrocchia, alla Madonna dei Monti, avremo un dibattito sul referendum con Luigi Zanda per il s\u00ec e Lucio Malan per il no. Io modero: metter\u00f2 il vestito delle&#8230;<\/p>\n<div class=\"more-link-wrapper\"><a class=\"more-link\" href=\"http:\/\/www.luigiaccattoli.it\/blog\/serata-sul-referendum-alla-madonna-dei-monti\/\">Read More<span class=\"screen-reader-text\">Serata sul referendum alla Madonna dei Monti<\/span><\/a><\/div>\n","protected":false},"author":1,"featured_media":0,"comment_status":"open","ping_status":"closed","sticky":false,"template":"","format":"standard","meta":{"_monsterinsights_skip_tracking":false,"_monsterinsights_sitenote_active":false,"_monsterinsights_sitenote_note":"","_monsterinsights_sitenote_category":0,"footnotes":""},"categories":[1],"tags":[],"class_list":["post-18978","post","type-post","status-publish","format-standard","hentry","category-varie","excerpt"],"_links":{"self":[{"href":"http:\/\/www.luigiaccattoli.it\/blog\/wp-json\/wp\/v2\/posts\/18978","targetHints":{"allow":["GET"]}}],"collection":[{"href":"http:\/\/www.luigiaccattoli.it\/blog\/wp-json\/wp\/v2\/posts"}],"about":[{"href":"http:\/\/www.luigiaccattoli.it\/blog\/wp-json\/wp\/v2\/types\/post"}],"author":[{"embeddable":true,"href":"http:\/\/www.luigiaccattoli.it\/blog\/wp-json\/wp\/v2\/users\/1"}],"replies":[{"embeddable":true,"href":"http:\/\/www.luigiaccattoli.it\/blog\/wp-json\/wp\/v2\/comments?post=18978"}],"version-history":[{"count":1,"href":"http:\/\/www.luigiaccattoli.it\/blog\/wp-json\/wp\/v2\/posts\/18978\/revisions"}],"predecessor-version":[{"id":18979,"href":"http:\/\/www.luigiaccattoli.it\/blog\/wp-json\/wp\/v2\/posts\/18978\/revisions\/18979"}],"wp:attachment":[{"href":"http:\/\/www.luigiaccattoli.it\/blog\/wp-json\/wp\/v2\/media?parent=18978"}],"wp:term":[{"taxonomy":"category","embeddable":true,"href":"http:\/\/www.luigiaccattoli.it\/blog\/wp-json\/wp\/v2\/categories?post=18978"},{"taxonomy":"post_tag","embeddable":true,"href":"http:\/\/www.luigiaccattoli.it\/blog\/wp-json\/wp\/v2\/tags?post=18978"}],"curies":[{"name":"wp","href":"https:\/\/api.w.org\/{rel}","templated":true}]}}