{"id":1909,"date":"2009-08-28T19:33:24","date_gmt":"2009-08-28T17:33:24","guid":{"rendered":"http:\/\/www.luigiaccattoli.it\/blog\/?p=1909"},"modified":"2009-08-31T11:58:28","modified_gmt":"2009-08-31T09:58:28","slug":"su-feltri-e-su-boffo","status":"publish","type":"post","link":"http:\/\/www.luigiaccattoli.it\/blog\/su-feltri-e-su-boffo\/","title":{"rendered":"Su Feltri e su Boffo &#8211; solidale con il secondo"},"content":{"rendered":"<p>Leggo ora &#8211; rientrando da un&#8217;escursione &#8211; l&#8217;attacco di Feltri a Boffo e il contrattacco del direttore di AVVENIRE. Dico la mia basandomi su quanto so e sento, che \u00e8 poco ma non \u00e8 nulla. Conosco i due da una vita e sono sicuro che Feltri sia sincero quando invoca la sua autonomia nell&#8217;iniziativa, che immagino segni un autogol per la parte berlusconiana. Cos\u00ec come sono sicuro che Boffo chiarir\u00e0 e quereler\u00e0: lo si capisce dal suo comunicato. Spero chiarisca presto, a mio parere prima lo far\u00e0 e meglio sar\u00e0. Ma sono convinto anche che egli possa chiarire. Della condanna e del patteggiamento si sapeva da tempo e non solo per sussurri: ne avevano scritto &#8220;Notizie radicali&#8221; e &#8220;Panorama&#8221;, per non dire di quanto si poteva trovare nella Rete. Egli avrebbe ammesso &#8211; patteggiando &#8211; di aver trasceso verbalmente con una donna che stava esercitando un pressing telefonico e di anticamera su di lui in quanto direttore di AVVENIRE per non so quale obiettivo, ma non attinente alla sfera sessuale. Su questo dato di fatto &#8211; patteggiamento e sentenza &#8211; il quotidianio di Feltri ha costruito un&#8217;accusa assai pi\u00f9 ampia, avvelendosi di una &#8220;informativa&#8221; di cui non so che dire, ma lasciando intuire che il patteggiamento di quell&#8217;ammenda di 516 euro sarebbe stata una conseguenza obbligata dello svelamento di una serie di azioni &#8220;intimidatorie&#8221; poste in atto da Boffo per indurre una signora di Terni a &#8220;lasciar libero il marito&#8221; con il quale il direttore del giornale cattolico, &#8220;noto omosessuale&#8221;, aveva una &#8220;relazione&#8221;. Credo che questa sia una calunnia e non un fatto accertato. Come mai Feltri ha lanciato il sasso senza interpellare l&#8217;interessato? E&#8217; egli stesso vittima di un raggiro? Non so rispondere. Spero che Boffo dica i fatti, o che Feltri produca le prove. Nell&#8217;attesa dico la mia solidariet\u00e0 al direttore di AVVENIRE.<\/p>\n","protected":false},"excerpt":{"rendered":"<p>Leggo ora &#8211; rientrando da un&#8217;escursione &#8211; l&#8217;attacco di Feltri a Boffo e il contrattacco del direttore di AVVENIRE. Dico la mia basandomi su quanto so e sento, che \u00e8&#8230;<\/p>\n<div class=\"more-link-wrapper\"><a class=\"more-link\" href=\"http:\/\/www.luigiaccattoli.it\/blog\/su-feltri-e-su-boffo\/\">Read More<span class=\"screen-reader-text\">Su Feltri e su Boffo &#8211; solidale con il secondo<\/span><\/a><\/div>\n","protected":false},"author":1,"featured_media":0,"comment_status":"open","ping_status":"closed","sticky":false,"template":"","format":"standard","meta":{"_monsterinsights_skip_tracking":false,"_monsterinsights_sitenote_active":false,"_monsterinsights_sitenote_note":"","_monsterinsights_sitenote_category":0,"footnotes":""},"categories":[1],"tags":[],"class_list":["post-1909","post","type-post","status-publish","format-standard","hentry","category-varie","excerpt"],"_links":{"self":[{"href":"http:\/\/www.luigiaccattoli.it\/blog\/wp-json\/wp\/v2\/posts\/1909","targetHints":{"allow":["GET"]}}],"collection":[{"href":"http:\/\/www.luigiaccattoli.it\/blog\/wp-json\/wp\/v2\/posts"}],"about":[{"href":"http:\/\/www.luigiaccattoli.it\/blog\/wp-json\/wp\/v2\/types\/post"}],"author":[{"embeddable":true,"href":"http:\/\/www.luigiaccattoli.it\/blog\/wp-json\/wp\/v2\/users\/1"}],"replies":[{"embeddable":true,"href":"http:\/\/www.luigiaccattoli.it\/blog\/wp-json\/wp\/v2\/comments?post=1909"}],"version-history":[{"count":6,"href":"http:\/\/www.luigiaccattoli.it\/blog\/wp-json\/wp\/v2\/posts\/1909\/revisions"}],"predecessor-version":[{"id":1921,"href":"http:\/\/www.luigiaccattoli.it\/blog\/wp-json\/wp\/v2\/posts\/1909\/revisions\/1921"}],"wp:attachment":[{"href":"http:\/\/www.luigiaccattoli.it\/blog\/wp-json\/wp\/v2\/media?parent=1909"}],"wp:term":[{"taxonomy":"category","embeddable":true,"href":"http:\/\/www.luigiaccattoli.it\/blog\/wp-json\/wp\/v2\/categories?post=1909"},{"taxonomy":"post_tag","embeddable":true,"href":"http:\/\/www.luigiaccattoli.it\/blog\/wp-json\/wp\/v2\/tags?post=1909"}],"curies":[{"name":"wp","href":"https:\/\/api.w.org\/{rel}","templated":true}]}}