{"id":1922,"date":"2009-09-01T08:34:57","date_gmt":"2009-09-01T06:34:57","guid":{"rendered":"http:\/\/www.luigiaccattoli.it\/blog\/?p=1922"},"modified":"2009-09-04T10:02:56","modified_gmt":"2009-09-04T08:02:56","slug":"dove-sia-andato-il-cagnetto-birillo","status":"publish","type":"post","link":"http:\/\/www.luigiaccattoli.it\/blog\/dove-sia-andato-il-cagnetto-birillo\/","title":{"rendered":"Dove sia andato il cagnetto Birillo"},"content":{"rendered":"<p>Prima di lasciare il Monte Baldo (vedi post del 23 e del 27 agosto) torno al maneggio LA SUERTE per un&#8217;altra passeggiata a cavallo e una visita a trincee e bunker della Grande Guerra che sono nella sua terra. &#8220;Dov&#8217;\u00e8 Birillo?&#8221; chiedo a Guido dopo essermi sistemato sulla cavalla Topas che gi\u00e0 mi \u00e8 cara. &#8220;Non c&#8217;\u00e8&#8221; mi risponde serio. &#8220;Ma dov&#8217;\u00e8 andato?&#8221; insisto io. Si gira sulla sella, alza una mano a met\u00e0 e mi fa: &#8220;Alcuni dicono in cielo&#8221;. &#8220;Ma se era in salute quattro giorni addietro&#8221;, faccio io. &#8220;Aveva i suoi anni &#8211; mi risponde &#8211; e se ne \u00e8 andato in fretta. Ha iniziato a respirare male ieri pomeriggio e stanotte alle quattro \u00e8 spirato. L&#8217;ho visto tirare l&#8217;ultimo fiato. Il veterinario ha detto che \u00e8 stato fortunato perch\u00e8 un cane in salute pu\u00f2 impiegare anche quindici giorni a morire&#8221;. Il gesto del cavallaro con quella mano alzata a met\u00e0 mi ha ricordato due versetti di Qo\u00e8let che da quando li ho letti la prima volta non sono pi\u00f9 usciti dai miei occhi: &#8220;La sorte degli uomini e quella delle bestie \u00e8 la stessa: come muoiono queste, cos\u00ec muoiono quelli&#8221; dice il primo. E due righe pi\u00f9 sotto, sempre al capitolo 3: &#8220;Chi sa se il soffio vitale dell&#8217;uomo sale in alto, mentre quello della bestia scende in basso, nella terra?&#8221;<\/p>\n","protected":false},"excerpt":{"rendered":"<p>Prima di lasciare il Monte Baldo (vedi post del 23 e del 27 agosto) torno al maneggio LA SUERTE per un&#8217;altra passeggiata a cavallo e una visita a trincee e&#8230;<\/p>\n<div class=\"more-link-wrapper\"><a class=\"more-link\" href=\"http:\/\/www.luigiaccattoli.it\/blog\/dove-sia-andato-il-cagnetto-birillo\/\">Read More<span class=\"screen-reader-text\">Dove sia andato il cagnetto Birillo<\/span><\/a><\/div>\n","protected":false},"author":1,"featured_media":0,"comment_status":"open","ping_status":"closed","sticky":false,"template":"","format":"standard","meta":{"_monsterinsights_skip_tracking":false,"_monsterinsights_sitenote_active":false,"_monsterinsights_sitenote_note":"","_monsterinsights_sitenote_category":0,"footnotes":""},"categories":[1],"tags":[],"class_list":["post-1922","post","type-post","status-publish","format-standard","hentry","category-varie","excerpt"],"_links":{"self":[{"href":"http:\/\/www.luigiaccattoli.it\/blog\/wp-json\/wp\/v2\/posts\/1922","targetHints":{"allow":["GET"]}}],"collection":[{"href":"http:\/\/www.luigiaccattoli.it\/blog\/wp-json\/wp\/v2\/posts"}],"about":[{"href":"http:\/\/www.luigiaccattoli.it\/blog\/wp-json\/wp\/v2\/types\/post"}],"author":[{"embeddable":true,"href":"http:\/\/www.luigiaccattoli.it\/blog\/wp-json\/wp\/v2\/users\/1"}],"replies":[{"embeddable":true,"href":"http:\/\/www.luigiaccattoli.it\/blog\/wp-json\/wp\/v2\/comments?post=1922"}],"version-history":[{"count":2,"href":"http:\/\/www.luigiaccattoli.it\/blog\/wp-json\/wp\/v2\/posts\/1922\/revisions"}],"predecessor-version":[{"id":1953,"href":"http:\/\/www.luigiaccattoli.it\/blog\/wp-json\/wp\/v2\/posts\/1922\/revisions\/1953"}],"wp:attachment":[{"href":"http:\/\/www.luigiaccattoli.it\/blog\/wp-json\/wp\/v2\/media?parent=1922"}],"wp:term":[{"taxonomy":"category","embeddable":true,"href":"http:\/\/www.luigiaccattoli.it\/blog\/wp-json\/wp\/v2\/categories?post=1922"},{"taxonomy":"post_tag","embeddable":true,"href":"http:\/\/www.luigiaccattoli.it\/blog\/wp-json\/wp\/v2\/tags?post=1922"}],"curies":[{"name":"wp","href":"https:\/\/api.w.org\/{rel}","templated":true}]}}