{"id":1947,"date":"2009-09-03T17:49:14","date_gmt":"2009-09-03T15:49:14","guid":{"rendered":"http:\/\/www.luigiaccattoli.it\/blog\/?p=1947"},"modified":"2009-09-03T17:49:14","modified_gmt":"2009-09-03T15:49:14","slug":"feltri-si-dimettera-quando-sara-condannato","status":"publish","type":"post","link":"http:\/\/www.luigiaccattoli.it\/blog\/feltri-si-dimettera-quando-sara-condannato\/","title":{"rendered":"Feltri si dimetter\u00e0 quando sar\u00e0 condannato?"},"content":{"rendered":"<p>Boffo ha querelato Feltri per calunnia e ritengo che il direttore del <em>Giornale<\/em> verr\u00e0 condannato perch\u00e8 non potr\u00e0 provare l&#8217;attendibilit\u00e0 dell&#8217;informativa su cui ha basato la sua accusa. Mi chiedo se si dimetter\u00e0 quando arriver\u00e0 il suo giorno.<\/p>\n","protected":false},"excerpt":{"rendered":"<p>Boffo ha querelato Feltri per calunnia e ritengo che il direttore del Giornale verr\u00e0 condannato perch\u00e8 non potr\u00e0 provare l&#8217;attendibilit\u00e0 dell&#8217;informativa su cui ha basato la sua accusa. Mi chiedo&#8230;<\/p>\n<div class=\"more-link-wrapper\"><a class=\"more-link\" href=\"http:\/\/www.luigiaccattoli.it\/blog\/feltri-si-dimettera-quando-sara-condannato\/\">Read More<span class=\"screen-reader-text\">Feltri si dimetter\u00e0 quando sar\u00e0 condannato?<\/span><\/a><\/div>\n","protected":false},"author":1,"featured_media":0,"comment_status":"open","ping_status":"closed","sticky":false,"template":"","format":"standard","meta":{"_monsterinsights_skip_tracking":false,"_monsterinsights_sitenote_active":false,"_monsterinsights_sitenote_note":"","_monsterinsights_sitenote_category":0,"footnotes":""},"categories":[1],"tags":[],"class_list":["post-1947","post","type-post","status-publish","format-standard","hentry","category-varie","excerpt"],"_links":{"self":[{"href":"http:\/\/www.luigiaccattoli.it\/blog\/wp-json\/wp\/v2\/posts\/1947","targetHints":{"allow":["GET"]}}],"collection":[{"href":"http:\/\/www.luigiaccattoli.it\/blog\/wp-json\/wp\/v2\/posts"}],"about":[{"href":"http:\/\/www.luigiaccattoli.it\/blog\/wp-json\/wp\/v2\/types\/post"}],"author":[{"embeddable":true,"href":"http:\/\/www.luigiaccattoli.it\/blog\/wp-json\/wp\/v2\/users\/1"}],"replies":[{"embeddable":true,"href":"http:\/\/www.luigiaccattoli.it\/blog\/wp-json\/wp\/v2\/comments?post=1947"}],"version-history":[{"count":1,"href":"http:\/\/www.luigiaccattoli.it\/blog\/wp-json\/wp\/v2\/posts\/1947\/revisions"}],"predecessor-version":[{"id":1948,"href":"http:\/\/www.luigiaccattoli.it\/blog\/wp-json\/wp\/v2\/posts\/1947\/revisions\/1948"}],"wp:attachment":[{"href":"http:\/\/www.luigiaccattoli.it\/blog\/wp-json\/wp\/v2\/media?parent=1947"}],"wp:term":[{"taxonomy":"category","embeddable":true,"href":"http:\/\/www.luigiaccattoli.it\/blog\/wp-json\/wp\/v2\/categories?post=1947"},{"taxonomy":"post_tag","embeddable":true,"href":"http:\/\/www.luigiaccattoli.it\/blog\/wp-json\/wp\/v2\/tags?post=1947"}],"curies":[{"name":"wp","href":"https:\/\/api.w.org\/{rel}","templated":true}]}}